{"id":1012,"date":"2021-05-16T19:54:08","date_gmt":"2021-05-16T19:54:08","guid":{"rendered":"http:\/\/jena.jezik.hr\/?p=1012"},"modified":"2021-05-16T19:55:37","modified_gmt":"2021-05-16T19:55:37","slug":"jena-prestavljana-na-skupu-izzivi-slavistike-v-21-stoletju","status":"publish","type":"post","link":"https:\/\/jena.jezik.hr\/index.php\/2021\/05\/16\/jena-prestavljana-na-skupu-izzivi-slavistike-v-21-stoletju\/","title":{"rendered":"Jena prestavljana na skupu Izzivi slavistike v 21. stoletju"},"content":{"rendered":"<p style=\"text-align: justify;\">Na skupu <em>Izzivi slavistike v 21. stoletju<\/em>, 4. mednarodna znanstvena konferenca Slavisti\u010dni znanstveni premisleki, Maribor, koji je odr\u017ean 13. \u2013 15. svibnja 2021. na platformi Teams Lana Hude\u010dek i Milica Mihaljevi\u0107 odr\u017eale su izlaganje pod naslovom <em>Projekti Odjela za hrvatski standardni jezik Instituta za hrvatski jezik i jezikoslovlje i jezi\u010dno normiranje<\/em>. Program skupa mo\u017eete preuzeti <a href=\"https:\/\/jena.jezik.hr\/wp-content\/uploads\/2021\/05\/Program-SZP-4-Izzivi-slavistike-v-21.-stoletju-s-povezavami-2.pdf\" target=\"_blank\" rel=\"noopener\"><u>ovdje<\/u><\/a>, a prezentaciju <a href=\"https:\/\/jena.jezik.hr\/wp-content\/uploads\/2021\/05\/Projekti-Odjela-za-hrvatski-standardni-jezik-Instituta-za-Maribor-11.5-ispravljeni.pdf\" target=\"_blank\" rel=\"noopener\"><u>ovdje<\/u><\/a>.<\/p>\n","protected":false},"excerpt":{"rendered":"<p>Na skupu Izzivi slavistike v 21. stoletju, 4. mednarodna znanstvena konferenca Slavisti\u010dni znanstveni premisleki, Maribor, koji je odr\u017ean 13. \u2013 15. svibnja 2021. na platformi Teams Lana Hude\u010dek i Milica [&hellip;]<\/p>\n","protected":false},"author":2,"featured_media":1015,"comment_status":"closed","ping_status":"closed","sticky":false,"template":"","format":"standard","meta":{"footnotes":"","_links_to":"","_links_to_target":""},"categories":[4],"tags":[],"class_list":["post-1012","post","type-post","status-publish","format-standard","has-post-thumbnail","hentry","category-diseminacija-i-usavrsavanje"],"yoast_head":"<!-- This site is optimized with the Yoast SEO plugin v24.1 - https:\/\/yoast.com\/wordpress\/plugins\/seo\/ -->\n<title>Jena prestavljana na skupu Izzivi slavistike v 21. stoletju - JENA<\/title>\n<meta name=\"robots\" content=\"index, follow, max-snippet:-1, max-image-preview:large, max-video-preview:-1\" \/>\n<link rel=\"canonical\" href=\"https:\/\/jena.jezik.hr\/index.php\/2021\/05\/16\/jena-prestavljana-na-skupu-izzivi-slavistike-v-21-stoletju\/\" \/>\n<meta property=\"og:locale\" content=\"hr_HR\" \/>\n<meta property=\"og:type\" content=\"article\" \/>\n<meta property=\"og:title\" content=\"Jena prestavljana na skupu Izzivi slavistike v 21. stoletju - JENA\" \/>\n<meta property=\"og:description\" content=\"Na skupu Izzivi slavistike v 21. stoletju, 4. mednarodna znanstvena konferenca Slavisti\u010dni znanstveni premisleki, Maribor, koji je odr\u017ean 13. \u2013 15. svibnja 2021. na platformi Teams Lana Hude\u010dek i Milica [&hellip;]\" \/>\n<meta property=\"og:url\" content=\"https:\/\/jena.jezik.hr\/index.php\/2021\/05\/16\/jena-prestavljana-na-skupu-izzivi-slavistike-v-21-stoletju\/\" \/>\n<meta property=\"og:site_name\" content=\"JENA\" \/>\n<meta property=\"article:published_time\" content=\"2021-05-16T19:54:08+00:00\" \/>\n<meta property=\"article:modified_time\" content=\"2021-05-16T19:55:37+00:00\" \/>\n<meta property=\"og:image\" content=\"https:\/\/jena.jezik.hr\/wp-content\/uploads\/2021\/05\/odjel-za-hrvatski-standardni.png\" \/>\n\t<meta property=\"og:image:width\" content=\"760\" \/>\n\t<meta property=\"og:image:height\" content=\"411\" \/>\n\t<meta property=\"og:image:type\" content=\"image\/png\" \/>\n<meta name=\"author\" content=\"IHJJ\" \/>\n<meta name=\"twitter:card\" content=\"summary_large_image\" \/>\n<meta name=\"twitter:label1\" content=\"Napisao\/la\" \/>\n\t<meta name=\"twitter:data1\" content=\"IHJJ\" \/>\n\t<meta name=\"twitter:label2\" content=\"Procijenjeno vrijeme \u010ditanja\" \/>\n\t<meta name=\"twitter:data2\" content=\"1 minuta\" \/>\n<script type=\"application\/ld+json\" class=\"yoast-schema-graph\">{\"@context\":\"https:\/\/schema.org\",\"@graph\":[{\"@type\":\"Article\",\"@id\":\"https:\/\/jena.jezik.hr\/index.php\/2021\/05\/16\/jena-prestavljana-na-skupu-izzivi-slavistike-v-21-stoletju\/#article\",\"isPartOf\":{\"@id\":\"https:\/\/jena.jezik.hr\/index.php\/2021\/05\/16\/jena-prestavljana-na-skupu-izzivi-slavistike-v-21-stoletju\/\"},\"author\":{\"name\":\"IHJJ\",\"@id\":\"https:\/\/jena.jezik.hr\/#\/schema\/person\/6b8b213cde978306b5a3e349a3376f38\"},\"headline\":\"Jena prestavljana na skupu Izzivi slavistike v 21. stoletju\",\"datePublished\":\"2021-05-16T19:54:08+00:00\",\"dateModified\":\"2021-05-16T19:55:37+00:00\",\"mainEntityOfPage\":{\"@id\":\"https:\/\/jena.jezik.hr\/index.php\/2021\/05\/16\/jena-prestavljana-na-skupu-izzivi-slavistike-v-21-stoletju\/\"},\"wordCount\":67,\"publisher\":{\"@id\":\"https:\/\/jena.jezik.hr\/#organization\"},\"image\":{\"@id\":\"https:\/\/jena.jezik.hr\/index.php\/2021\/05\/16\/jena-prestavljana-na-skupu-izzivi-slavistike-v-21-stoletju\/#primaryimage\"},\"thumbnailUrl\":\"https:\/\/jena.jezik.hr\/wp-content\/uploads\/2021\/05\/odjel-za-hrvatski-standardni.png\",\"articleSection\":[\"Diseminacija i usavr\u0161avanje\"],\"inLanguage\":\"hr\"},{\"@type\":\"WebPage\",\"@id\":\"https:\/\/jena.jezik.hr\/index.php\/2021\/05\/16\/jena-prestavljana-na-skupu-izzivi-slavistike-v-21-stoletju\/\",\"url\":\"https:\/\/jena.jezik.hr\/index.php\/2021\/05\/16\/jena-prestavljana-na-skupu-izzivi-slavistike-v-21-stoletju\/\",\"name\":\"Jena prestavljana na skupu Izzivi slavistike v 21. stoletju - JENA\",\"isPartOf\":{\"@id\":\"https:\/\/jena.jezik.hr\/#website\"},\"primaryImageOfPage\":{\"@id\":\"https:\/\/jena.jezik.hr\/index.php\/2021\/05\/16\/jena-prestavljana-na-skupu-izzivi-slavistike-v-21-stoletju\/#primaryimage\"},\"image\":{\"@id\":\"https:\/\/jena.jezik.hr\/index.php\/2021\/05\/16\/jena-prestavljana-na-skupu-izzivi-slavistike-v-21-stoletju\/#primaryimage\"},\"thumbnailUrl\":\"https:\/\/jena.jezik.hr\/wp-content\/uploads\/2021\/05\/odjel-za-hrvatski-standardni.png\",\"datePublished\":\"2021-05-16T19:54:08+00:00\",\"dateModified\":\"2021-05-16T19:55:37+00:00\",\"breadcrumb\":{\"@id\":\"https:\/\/jena.jezik.hr\/index.php\/2021\/05\/16\/jena-prestavljana-na-skupu-izzivi-slavistike-v-21-stoletju\/#breadcrumb\"},\"inLanguage\":\"hr\",\"potentialAction\":[{\"@type\":\"ReadAction\",\"target\":[\"https:\/\/jena.jezik.hr\/index.php\/2021\/05\/16\/jena-prestavljana-na-skupu-izzivi-slavistike-v-21-stoletju\/\"]}]},{\"@type\":\"ImageObject\",\"inLanguage\":\"hr\",\"@id\":\"https:\/\/jena.jezik.hr\/index.php\/2021\/05\/16\/jena-prestavljana-na-skupu-izzivi-slavistike-v-21-stoletju\/#primaryimage\",\"url\":\"https:\/\/jena.jezik.hr\/wp-content\/uploads\/2021\/05\/odjel-za-hrvatski-standardni.png\",\"contentUrl\":\"https:\/\/jena.jezik.hr\/wp-content\/uploads\/2021\/05\/odjel-za-hrvatski-standardni.png\",\"width\":760,\"height\":411},{\"@type\":\"BreadcrumbList\",\"@id\":\"https:\/\/jena.jezik.hr\/index.php\/2021\/05\/16\/jena-prestavljana-na-skupu-izzivi-slavistike-v-21-stoletju\/#breadcrumb\",\"itemListElement\":[{\"@type\":\"ListItem\",\"position\":1,\"name\":\"Po\u010detna stranica\",\"item\":\"https:\/\/jena.jezik.hr\/\"},{\"@type\":\"ListItem\",\"position\":2,\"name\":\"Jena prestavljana na skupu Izzivi slavistike v 21. stoletju\"}]},{\"@type\":\"WebSite\",\"@id\":\"https:\/\/jena.jezik.hr\/#website\",\"url\":\"https:\/\/jena.jezik.hr\/\",\"name\":\"JENA\",\"description\":\"Hrvatsko jezikoslovno nazivlje \u2014 Jena\",\"publisher\":{\"@id\":\"https:\/\/jena.jezik.hr\/#organization\"},\"potentialAction\":[{\"@type\":\"SearchAction\",\"target\":{\"@type\":\"EntryPoint\",\"urlTemplate\":\"https:\/\/jena.jezik.hr\/?s={search_term_string}\"},\"query-input\":{\"@type\":\"PropertyValueSpecification\",\"valueRequired\":true,\"valueName\":\"search_term_string\"}}],\"inLanguage\":\"hr\"},{\"@type\":\"Organization\",\"@id\":\"https:\/\/jena.jezik.hr\/#organization\",\"name\":\"JENA\",\"url\":\"https:\/\/jena.jezik.hr\/\",\"logo\":{\"@type\":\"ImageObject\",\"inLanguage\":\"hr\",\"@id\":\"https:\/\/jena.jezik.hr\/#\/schema\/logo\/image\/\",\"url\":\"https:\/\/jena.jezik.hr\/wp-content\/uploads\/2019\/07\/cropped-OG.png\",\"contentUrl\":\"https:\/\/jena.jezik.hr\/wp-content\/uploads\/2019\/07\/cropped-OG.png\",\"width\":1200,\"height\":675,\"caption\":\"JENA\"},\"image\":{\"@id\":\"https:\/\/jena.jezik.hr\/#\/schema\/logo\/image\/\"}},{\"@type\":\"Person\",\"@id\":\"https:\/\/jena.jezik.hr\/#\/schema\/person\/6b8b213cde978306b5a3e349a3376f38\",\"name\":\"IHJJ\",\"image\":{\"@type\":\"ImageObject\",\"inLanguage\":\"hr\",\"@id\":\"https:\/\/jena.jezik.hr\/#\/schema\/person\/image\/\",\"url\":\"https:\/\/secure.gravatar.com\/avatar\/58a7155f1ea7708811f04665deacea16?s=96&d=mm&r=g\",\"contentUrl\":\"https:\/\/secure.gravatar.com\/avatar\/58a7155f1ea7708811f04665deacea16?s=96&d=mm&r=g\",\"caption\":\"IHJJ\"},\"url\":\"https:\/\/jena.jezik.hr\/index.php\/author\/jena_josip\/\"}]}<\/script>\n<!-- \/ Yoast SEO plugin. -->","yoast_head_json":{"title":"Jena prestavljana na skupu Izzivi slavistike v 21. stoletju - JENA","robots":{"index":"index","follow":"follow","max-snippet":"max-snippet:-1","max-image-preview":"max-image-preview:large","max-video-preview":"max-video-preview:-1"},"canonical":"https:\/\/jena.jezik.hr\/index.php\/2021\/05\/16\/jena-prestavljana-na-skupu-izzivi-slavistike-v-21-stoletju\/","og_locale":"hr_HR","og_type":"article","og_title":"Jena prestavljana na skupu Izzivi slavistike v 21. stoletju - JENA","og_description":"Na skupu Izzivi slavistike v 21. stoletju, 4. mednarodna znanstvena konferenca Slavisti\u010dni znanstveni premisleki, Maribor, koji je odr\u017ean 13. \u2013 15. svibnja 2021. na platformi Teams Lana Hude\u010dek i Milica [&hellip;]","og_url":"https:\/\/jena.jezik.hr\/index.php\/2021\/05\/16\/jena-prestavljana-na-skupu-izzivi-slavistike-v-21-stoletju\/","og_site_name":"JENA","article_published_time":"2021-05-16T19:54:08+00:00","article_modified_time":"2021-05-16T19:55:37+00:00","og_image":[{"width":760,"height":411,"url":"https:\/\/jena.jezik.hr\/wp-content\/uploads\/2021\/05\/odjel-za-hrvatski-standardni.png","type":"image\/png"}],"author":"IHJJ","twitter_card":"summary_large_image","twitter_misc":{"Napisao\/la":"IHJJ","Procijenjeno vrijeme \u010ditanja":"1 minuta"},"schema":{"@context":"https:\/\/schema.org","@graph":[{"@type":"Article","@id":"https:\/\/jena.jezik.hr\/index.php\/2021\/05\/16\/jena-prestavljana-na-skupu-izzivi-slavistike-v-21-stoletju\/#article","isPartOf":{"@id":"https:\/\/jena.jezik.hr\/index.php\/2021\/05\/16\/jena-prestavljana-na-skupu-izzivi-slavistike-v-21-stoletju\/"},"author":{"name":"IHJJ","@id":"https:\/\/jena.jezik.hr\/#\/schema\/person\/6b8b213cde978306b5a3e349a3376f38"},"headline":"Jena prestavljana na skupu Izzivi slavistike v 21. stoletju","datePublished":"2021-05-16T19:54:08+00:00","dateModified":"2021-05-16T19:55:37+00:00","mainEntityOfPage":{"@id":"https:\/\/jena.jezik.hr\/index.php\/2021\/05\/16\/jena-prestavljana-na-skupu-izzivi-slavistike-v-21-stoletju\/"},"wordCount":67,"publisher":{"@id":"https:\/\/jena.jezik.hr\/#organization"},"image":{"@id":"https:\/\/jena.jezik.hr\/index.php\/2021\/05\/16\/jena-prestavljana-na-skupu-izzivi-slavistike-v-21-stoletju\/#primaryimage"},"thumbnailUrl":"https:\/\/jena.jezik.hr\/wp-content\/uploads\/2021\/05\/odjel-za-hrvatski-standardni.png","articleSection":["Diseminacija i usavr\u0161avanje"],"inLanguage":"hr"},{"@type":"WebPage","@id":"https:\/\/jena.jezik.hr\/index.php\/2021\/05\/16\/jena-prestavljana-na-skupu-izzivi-slavistike-v-21-stoletju\/","url":"https:\/\/jena.jezik.hr\/index.php\/2021\/05\/16\/jena-prestavljana-na-skupu-izzivi-slavistike-v-21-stoletju\/","name":"Jena prestavljana na skupu Izzivi slavistike v 21. stoletju - JENA","isPartOf":{"@id":"https:\/\/jena.jezik.hr\/#website"},"primaryImageOfPage":{"@id":"https:\/\/jena.jezik.hr\/index.php\/2021\/05\/16\/jena-prestavljana-na-skupu-izzivi-slavistike-v-21-stoletju\/#primaryimage"},"image":{"@id":"https:\/\/jena.jezik.hr\/index.php\/2021\/05\/16\/jena-prestavljana-na-skupu-izzivi-slavistike-v-21-stoletju\/#primaryimage"},"thumbnailUrl":"https:\/\/jena.jezik.hr\/wp-content\/uploads\/2021\/05\/odjel-za-hrvatski-standardni.png","datePublished":"2021-05-16T19:54:08+00:00","dateModified":"2021-05-16T19:55:37+00:00","breadcrumb":{"@id":"https:\/\/jena.jezik.hr\/index.php\/2021\/05\/16\/jena-prestavljana-na-skupu-izzivi-slavistike-v-21-stoletju\/#breadcrumb"},"inLanguage":"hr","potentialAction":[{"@type":"ReadAction","target":["https:\/\/jena.jezik.hr\/index.php\/2021\/05\/16\/jena-prestavljana-na-skupu-izzivi-slavistike-v-21-stoletju\/"]}]},{"@type":"ImageObject","inLanguage":"hr","@id":"https:\/\/jena.jezik.hr\/index.php\/2021\/05\/16\/jena-prestavljana-na-skupu-izzivi-slavistike-v-21-stoletju\/#primaryimage","url":"https:\/\/jena.jezik.hr\/wp-content\/uploads\/2021\/05\/odjel-za-hrvatski-standardni.png","contentUrl":"https:\/\/jena.jezik.hr\/wp-content\/uploads\/2021\/05\/odjel-za-hrvatski-standardni.png","width":760,"height":411},{"@type":"BreadcrumbList","@id":"https:\/\/jena.jezik.hr\/index.php\/2021\/05\/16\/jena-prestavljana-na-skupu-izzivi-slavistike-v-21-stoletju\/#breadcrumb","itemListElement":[{"@type":"ListItem","position":1,"name":"Po\u010detna stranica","item":"https:\/\/jena.jezik.hr\/"},{"@type":"ListItem","position":2,"name":"Jena prestavljana na skupu Izzivi slavistike v 21. stoletju"}]},{"@type":"WebSite","@id":"https:\/\/jena.jezik.hr\/#website","url":"https:\/\/jena.jezik.hr\/","name":"JENA","description":"Hrvatsko jezikoslovno nazivlje \u2014 Jena","publisher":{"@id":"https:\/\/jena.jezik.hr\/#organization"},"potentialAction":[{"@type":"SearchAction","target":{"@type":"EntryPoint","urlTemplate":"https:\/\/jena.jezik.hr\/?s={search_term_string}"},"query-input":{"@type":"PropertyValueSpecification","valueRequired":true,"valueName":"search_term_string"}}],"inLanguage":"hr"},{"@type":"Organization","@id":"https:\/\/jena.jezik.hr\/#organization","name":"JENA","url":"https:\/\/jena.jezik.hr\/","logo":{"@type":"ImageObject","inLanguage":"hr","@id":"https:\/\/jena.jezik.hr\/#\/schema\/logo\/image\/","url":"https:\/\/jena.jezik.hr\/wp-content\/uploads\/2019\/07\/cropped-OG.png","contentUrl":"https:\/\/jena.jezik.hr\/wp-content\/uploads\/2019\/07\/cropped-OG.png","width":1200,"height":675,"caption":"JENA"},"image":{"@id":"https:\/\/jena.jezik.hr\/#\/schema\/logo\/image\/"}},{"@type":"Person","@id":"https:\/\/jena.jezik.hr\/#\/schema\/person\/6b8b213cde978306b5a3e349a3376f38","name":"IHJJ","image":{"@type":"ImageObject","inLanguage":"hr","@id":"https:\/\/jena.jezik.hr\/#\/schema\/person\/image\/","url":"https:\/\/secure.gravatar.com\/avatar\/58a7155f1ea7708811f04665deacea16?s=96&d=mm&r=g","contentUrl":"https:\/\/secure.gravatar.com\/avatar\/58a7155f1ea7708811f04665deacea16?s=96&d=mm&r=g","caption":"IHJJ"},"url":"https:\/\/jena.jezik.hr\/index.php\/author\/jena_josip\/"}]}},"_links":{"self":[{"href":"https:\/\/jena.jezik.hr\/index.php\/wp-json\/wp\/v2\/posts\/1012","targetHints":{"allow":["GET"]}}],"collection":[{"href":"https:\/\/jena.jezik.hr\/index.php\/wp-json\/wp\/v2\/posts"}],"about":[{"href":"https:\/\/jena.jezik.hr\/index.php\/wp-json\/wp\/v2\/types\/post"}],"author":[{"embeddable":true,"href":"https:\/\/jena.jezik.hr\/index.php\/wp-json\/wp\/v2\/users\/2"}],"replies":[{"embeddable":true,"href":"https:\/\/jena.jezik.hr\/index.php\/wp-json\/wp\/v2\/comments?post=1012"}],"version-history":[{"count":2,"href":"https:\/\/jena.jezik.hr\/index.php\/wp-json\/wp\/v2\/posts\/1012\/revisions"}],"predecessor-version":[{"id":1017,"href":"https:\/\/jena.jezik.hr\/index.php\/wp-json\/wp\/v2\/posts\/1012\/revisions\/1017"}],"wp:featuredmedia":[{"embeddable":true,"href":"https:\/\/jena.jezik.hr\/index.php\/wp-json\/wp\/v2\/media\/1015"}],"wp:attachment":[{"href":"https:\/\/jena.jezik.hr\/index.php\/wp-json\/wp\/v2\/media?parent=1012"}],"wp:term":[{"taxonomy":"category","embeddable":true,"href":"https:\/\/jena.jezik.hr\/index.php\/wp-json\/wp\/v2\/categories?post=1012"},{"taxonomy":"post_tag","embeddable":true,"href":"https:\/\/jena.jezik.hr\/index.php\/wp-json\/wp\/v2\/tags?post=1012"}],"curies":[{"name":"wp","href":"https:\/\/api.w.org\/{rel}","templated":true}]}}