{"id":1027,"date":"2021-10-07T10:30:22","date_gmt":"2021-10-07T10:30:22","guid":{"rendered":"https:\/\/jena.jezik.hr\/?p=1027"},"modified":"2021-10-07T10:30:22","modified_gmt":"2021-10-07T10:30:22","slug":"kroatistika-unutar-slavistickog-europskog-i-svjetskog-konteksta-pula-30-rujna-do-2-listopada-lana-hudecek-i-milica-mihaljevic","status":"publish","type":"post","link":"https:\/\/jena.jezik.hr\/index.php\/2021\/10\/07\/kroatistika-unutar-slavistickog-europskog-i-svjetskog-konteksta-pula-30-rujna-do-2-listopada-lana-hudecek-i-milica-mihaljevic\/","title":{"rendered":"Kroatistika unutar slavisti\u010dkog, europskog i svjetskog konteksta, Pula 30. rujna do 2. listopada  (Lana Hude\u010dek i Milica Mihaljevi\u0107)"},"content":{"rendered":"<p style=\"text-align: justify;\">Lana Hude\u010dek i Milica Mihaljevi\u0107 sudjelovale su na II. Me\u0111unarodnoj konferenciji Kroatistika unutar slavisti\u010dkog, europskog i svjetskog konteksta koja se odr\u017eala na Zoomu. Odr\u017eale su izlaganje <em>Jezi\u010dni savjeti u<\/em> Mre\u017eniku <em>i<\/em> Jeni. Program skupa mo\u017ee se preuzeti <a href=\"https:\/\/jena.jezik.hr\/wp-content\/uploads\/2021\/10\/SymposiumCro25-_PROGRAM-_hr-1.pdf\" target=\"_blank\" rel=\"noopener\">ovdje<\/a>.<\/p>\n<p>\u00a0<img loading=\"lazy\" decoding=\"async\" class=\"size-full wp-image-1029 aligncenter\" src=\"https:\/\/jena.jezik.hr\/wp-content\/uploads\/2021\/10\/Slika2.png\" alt=\"\" width=\"391\" height=\"187\" srcset=\"https:\/\/jena.jezik.hr\/wp-content\/uploads\/2021\/10\/Slika2.png 391w, https:\/\/jena.jezik.hr\/wp-content\/uploads\/2021\/10\/Slika2-300x143.png 300w\" sizes=\"auto, (max-width: 391px) 100vw, 391px\" \/><\/p>\n","protected":false},"excerpt":{"rendered":"<p>Lana Hude\u010dek i Milica Mihaljevi\u0107 sudjelovale su na II. Me\u0111unarodnoj konferenciji Kroatistika unutar slavisti\u010dkog, europskog i svjetskog konteksta koja se odr\u017eala na Zoomu. Odr\u017eale su izlaganje Jezi\u010dni savjeti u Mre\u017eniku [&hellip;]<\/p>\n","protected":false},"author":2,"featured_media":1030,"comment_status":"closed","ping_status":"closed","sticky":false,"template":"","format":"standard","meta":{"footnotes":"","_links_to":"","_links_to_target":""},"categories":[4,1],"tags":[],"class_list":["post-1027","post","type-post","status-publish","format-standard","has-post-thumbnail","hentry","category-diseminacija-i-usavrsavanje","category-novosti"],"yoast_head":"<!-- This site is optimized with the Yoast SEO plugin v24.1 - https:\/\/yoast.com\/wordpress\/plugins\/seo\/ -->\n<title>Kroatistika unutar slavisti\u010dkog, europskog i svjetskog konteksta, Pula 30. rujna do 2. listopada (Lana Hude\u010dek i Milica Mihaljevi\u0107) - JENA<\/title>\n<meta name=\"robots\" content=\"index, follow, max-snippet:-1, max-image-preview:large, max-video-preview:-1\" \/>\n<link rel=\"canonical\" href=\"https:\/\/jena.jezik.hr\/index.php\/2021\/10\/07\/kroatistika-unutar-slavistickog-europskog-i-svjetskog-konteksta-pula-30-rujna-do-2-listopada-lana-hudecek-i-milica-mihaljevic\/\" \/>\n<meta property=\"og:locale\" content=\"hr_HR\" \/>\n<meta property=\"og:type\" content=\"article\" \/>\n<meta property=\"og:title\" content=\"Kroatistika unutar slavisti\u010dkog, europskog i svjetskog konteksta, Pula 30. rujna do 2. listopada (Lana Hude\u010dek i Milica Mihaljevi\u0107) - JENA\" \/>\n<meta property=\"og:description\" content=\"Lana Hude\u010dek i Milica Mihaljevi\u0107 sudjelovale su na II. Me\u0111unarodnoj konferenciji Kroatistika unutar slavisti\u010dkog, europskog i svjetskog konteksta koja se odr\u017eala na Zoomu. Odr\u017eale su izlaganje Jezi\u010dni savjeti u Mre\u017eniku [&hellip;]\" \/>\n<meta property=\"og:url\" content=\"https:\/\/jena.jezik.hr\/index.php\/2021\/10\/07\/kroatistika-unutar-slavistickog-europskog-i-svjetskog-konteksta-pula-30-rujna-do-2-listopada-lana-hudecek-i-milica-mihaljevic\/\" \/>\n<meta property=\"og:site_name\" content=\"JENA\" \/>\n<meta property=\"article:published_time\" content=\"2021-10-07T10:30:22+00:00\" \/>\n<meta property=\"og:image\" content=\"https:\/\/jena.jezik.hr\/wp-content\/uploads\/2021\/10\/Slika2-1.png\" \/>\n\t<meta property=\"og:image:width\" content=\"418\" \/>\n\t<meta property=\"og:image:height\" content=\"200\" \/>\n\t<meta property=\"og:image:type\" content=\"image\/png\" \/>\n<meta name=\"author\" content=\"IHJJ\" \/>\n<meta name=\"twitter:card\" content=\"summary_large_image\" \/>\n<meta name=\"twitter:label1\" content=\"Napisao\/la\" \/>\n\t<meta name=\"twitter:data1\" content=\"IHJJ\" \/>\n\t<meta name=\"twitter:label2\" content=\"Procijenjeno vrijeme \u010ditanja\" \/>\n\t<meta name=\"twitter:data2\" content=\"1 minuta\" \/>\n<script type=\"application\/ld+json\" class=\"yoast-schema-graph\">{\"@context\":\"https:\/\/schema.org\",\"@graph\":[{\"@type\":\"Article\",\"@id\":\"https:\/\/jena.jezik.hr\/index.php\/2021\/10\/07\/kroatistika-unutar-slavistickog-europskog-i-svjetskog-konteksta-pula-30-rujna-do-2-listopada-lana-hudecek-i-milica-mihaljevic\/#article\",\"isPartOf\":{\"@id\":\"https:\/\/jena.jezik.hr\/index.php\/2021\/10\/07\/kroatistika-unutar-slavistickog-europskog-i-svjetskog-konteksta-pula-30-rujna-do-2-listopada-lana-hudecek-i-milica-mihaljevic\/\"},\"author\":{\"name\":\"IHJJ\",\"@id\":\"https:\/\/jena.jezik.hr\/#\/schema\/person\/6b8b213cde978306b5a3e349a3376f38\"},\"headline\":\"Kroatistika unutar slavisti\u010dkog, europskog i svjetskog konteksta, Pula 30. rujna do 2. listopada (Lana Hude\u010dek i Milica Mihaljevi\u0107)\",\"datePublished\":\"2021-10-07T10:30:22+00:00\",\"dateModified\":\"2021-10-07T10:30:22+00:00\",\"mainEntityOfPage\":{\"@id\":\"https:\/\/jena.jezik.hr\/index.php\/2021\/10\/07\/kroatistika-unutar-slavistickog-europskog-i-svjetskog-konteksta-pula-30-rujna-do-2-listopada-lana-hudecek-i-milica-mihaljevic\/\"},\"wordCount\":64,\"publisher\":{\"@id\":\"https:\/\/jena.jezik.hr\/#organization\"},\"image\":{\"@id\":\"https:\/\/jena.jezik.hr\/index.php\/2021\/10\/07\/kroatistika-unutar-slavistickog-europskog-i-svjetskog-konteksta-pula-30-rujna-do-2-listopada-lana-hudecek-i-milica-mihaljevic\/#primaryimage\"},\"thumbnailUrl\":\"https:\/\/jena.jezik.hr\/wp-content\/uploads\/2021\/10\/Slika2-1.png\",\"articleSection\":[\"Diseminacija i usavr\u0161avanje\",\"Novosti\"],\"inLanguage\":\"hr\"},{\"@type\":\"WebPage\",\"@id\":\"https:\/\/jena.jezik.hr\/index.php\/2021\/10\/07\/kroatistika-unutar-slavistickog-europskog-i-svjetskog-konteksta-pula-30-rujna-do-2-listopada-lana-hudecek-i-milica-mihaljevic\/\",\"url\":\"https:\/\/jena.jezik.hr\/index.php\/2021\/10\/07\/kroatistika-unutar-slavistickog-europskog-i-svjetskog-konteksta-pula-30-rujna-do-2-listopada-lana-hudecek-i-milica-mihaljevic\/\",\"name\":\"Kroatistika unutar slavisti\u010dkog, europskog i svjetskog konteksta, Pula 30. rujna do 2. listopada (Lana Hude\u010dek i Milica Mihaljevi\u0107) - JENA\",\"isPartOf\":{\"@id\":\"https:\/\/jena.jezik.hr\/#website\"},\"primaryImageOfPage\":{\"@id\":\"https:\/\/jena.jezik.hr\/index.php\/2021\/10\/07\/kroatistika-unutar-slavistickog-europskog-i-svjetskog-konteksta-pula-30-rujna-do-2-listopada-lana-hudecek-i-milica-mihaljevic\/#primaryimage\"},\"image\":{\"@id\":\"https:\/\/jena.jezik.hr\/index.php\/2021\/10\/07\/kroatistika-unutar-slavistickog-europskog-i-svjetskog-konteksta-pula-30-rujna-do-2-listopada-lana-hudecek-i-milica-mihaljevic\/#primaryimage\"},\"thumbnailUrl\":\"https:\/\/jena.jezik.hr\/wp-content\/uploads\/2021\/10\/Slika2-1.png\",\"datePublished\":\"2021-10-07T10:30:22+00:00\",\"dateModified\":\"2021-10-07T10:30:22+00:00\",\"breadcrumb\":{\"@id\":\"https:\/\/jena.jezik.hr\/index.php\/2021\/10\/07\/kroatistika-unutar-slavistickog-europskog-i-svjetskog-konteksta-pula-30-rujna-do-2-listopada-lana-hudecek-i-milica-mihaljevic\/#breadcrumb\"},\"inLanguage\":\"hr\",\"potentialAction\":[{\"@type\":\"ReadAction\",\"target\":[\"https:\/\/jena.jezik.hr\/index.php\/2021\/10\/07\/kroatistika-unutar-slavistickog-europskog-i-svjetskog-konteksta-pula-30-rujna-do-2-listopada-lana-hudecek-i-milica-mihaljevic\/\"]}]},{\"@type\":\"ImageObject\",\"inLanguage\":\"hr\",\"@id\":\"https:\/\/jena.jezik.hr\/index.php\/2021\/10\/07\/kroatistika-unutar-slavistickog-europskog-i-svjetskog-konteksta-pula-30-rujna-do-2-listopada-lana-hudecek-i-milica-mihaljevic\/#primaryimage\",\"url\":\"https:\/\/jena.jezik.hr\/wp-content\/uploads\/2021\/10\/Slika2-1.png\",\"contentUrl\":\"https:\/\/jena.jezik.hr\/wp-content\/uploads\/2021\/10\/Slika2-1.png\",\"width\":418,\"height\":200},{\"@type\":\"BreadcrumbList\",\"@id\":\"https:\/\/jena.jezik.hr\/index.php\/2021\/10\/07\/kroatistika-unutar-slavistickog-europskog-i-svjetskog-konteksta-pula-30-rujna-do-2-listopada-lana-hudecek-i-milica-mihaljevic\/#breadcrumb\",\"itemListElement\":[{\"@type\":\"ListItem\",\"position\":1,\"name\":\"Po\u010detna stranica\",\"item\":\"https:\/\/jena.jezik.hr\/\"},{\"@type\":\"ListItem\",\"position\":2,\"name\":\"Kroatistika unutar slavisti\u010dkog, europskog i svjetskog konteksta, Pula 30. rujna do 2. listopada (Lana Hude\u010dek i Milica Mihaljevi\u0107)\"}]},{\"@type\":\"WebSite\",\"@id\":\"https:\/\/jena.jezik.hr\/#website\",\"url\":\"https:\/\/jena.jezik.hr\/\",\"name\":\"JENA\",\"description\":\"Hrvatsko jezikoslovno nazivlje \u2014 Jena\",\"publisher\":{\"@id\":\"https:\/\/jena.jezik.hr\/#organization\"},\"potentialAction\":[{\"@type\":\"SearchAction\",\"target\":{\"@type\":\"EntryPoint\",\"urlTemplate\":\"https:\/\/jena.jezik.hr\/?s={search_term_string}\"},\"query-input\":{\"@type\":\"PropertyValueSpecification\",\"valueRequired\":true,\"valueName\":\"search_term_string\"}}],\"inLanguage\":\"hr\"},{\"@type\":\"Organization\",\"@id\":\"https:\/\/jena.jezik.hr\/#organization\",\"name\":\"JENA\",\"url\":\"https:\/\/jena.jezik.hr\/\",\"logo\":{\"@type\":\"ImageObject\",\"inLanguage\":\"hr\",\"@id\":\"https:\/\/jena.jezik.hr\/#\/schema\/logo\/image\/\",\"url\":\"https:\/\/jena.jezik.hr\/wp-content\/uploads\/2019\/07\/cropped-OG.png\",\"contentUrl\":\"https:\/\/jena.jezik.hr\/wp-content\/uploads\/2019\/07\/cropped-OG.png\",\"width\":1200,\"height\":675,\"caption\":\"JENA\"},\"image\":{\"@id\":\"https:\/\/jena.jezik.hr\/#\/schema\/logo\/image\/\"}},{\"@type\":\"Person\",\"@id\":\"https:\/\/jena.jezik.hr\/#\/schema\/person\/6b8b213cde978306b5a3e349a3376f38\",\"name\":\"IHJJ\",\"image\":{\"@type\":\"ImageObject\",\"inLanguage\":\"hr\",\"@id\":\"https:\/\/jena.jezik.hr\/#\/schema\/person\/image\/\",\"url\":\"https:\/\/secure.gravatar.com\/avatar\/58a7155f1ea7708811f04665deacea16?s=96&d=mm&r=g\",\"contentUrl\":\"https:\/\/secure.gravatar.com\/avatar\/58a7155f1ea7708811f04665deacea16?s=96&d=mm&r=g\",\"caption\":\"IHJJ\"},\"url\":\"https:\/\/jena.jezik.hr\/index.php\/author\/jena_josip\/\"}]}<\/script>\n<!-- \/ Yoast SEO plugin. -->","yoast_head_json":{"title":"Kroatistika unutar slavisti\u010dkog, europskog i svjetskog konteksta, Pula 30. rujna do 2. listopada (Lana Hude\u010dek i Milica Mihaljevi\u0107) - JENA","robots":{"index":"index","follow":"follow","max-snippet":"max-snippet:-1","max-image-preview":"max-image-preview:large","max-video-preview":"max-video-preview:-1"},"canonical":"https:\/\/jena.jezik.hr\/index.php\/2021\/10\/07\/kroatistika-unutar-slavistickog-europskog-i-svjetskog-konteksta-pula-30-rujna-do-2-listopada-lana-hudecek-i-milica-mihaljevic\/","og_locale":"hr_HR","og_type":"article","og_title":"Kroatistika unutar slavisti\u010dkog, europskog i svjetskog konteksta, Pula 30. rujna do 2. listopada (Lana Hude\u010dek i Milica Mihaljevi\u0107) - JENA","og_description":"Lana Hude\u010dek i Milica Mihaljevi\u0107 sudjelovale su na II. Me\u0111unarodnoj konferenciji Kroatistika unutar slavisti\u010dkog, europskog i svjetskog konteksta koja se odr\u017eala na Zoomu. Odr\u017eale su izlaganje Jezi\u010dni savjeti u Mre\u017eniku [&hellip;]","og_url":"https:\/\/jena.jezik.hr\/index.php\/2021\/10\/07\/kroatistika-unutar-slavistickog-europskog-i-svjetskog-konteksta-pula-30-rujna-do-2-listopada-lana-hudecek-i-milica-mihaljevic\/","og_site_name":"JENA","article_published_time":"2021-10-07T10:30:22+00:00","og_image":[{"width":418,"height":200,"url":"https:\/\/jena.jezik.hr\/wp-content\/uploads\/2021\/10\/Slika2-1.png","type":"image\/png"}],"author":"IHJJ","twitter_card":"summary_large_image","twitter_misc":{"Napisao\/la":"IHJJ","Procijenjeno vrijeme \u010ditanja":"1 minuta"},"schema":{"@context":"https:\/\/schema.org","@graph":[{"@type":"Article","@id":"https:\/\/jena.jezik.hr\/index.php\/2021\/10\/07\/kroatistika-unutar-slavistickog-europskog-i-svjetskog-konteksta-pula-30-rujna-do-2-listopada-lana-hudecek-i-milica-mihaljevic\/#article","isPartOf":{"@id":"https:\/\/jena.jezik.hr\/index.php\/2021\/10\/07\/kroatistika-unutar-slavistickog-europskog-i-svjetskog-konteksta-pula-30-rujna-do-2-listopada-lana-hudecek-i-milica-mihaljevic\/"},"author":{"name":"IHJJ","@id":"https:\/\/jena.jezik.hr\/#\/schema\/person\/6b8b213cde978306b5a3e349a3376f38"},"headline":"Kroatistika unutar slavisti\u010dkog, europskog i svjetskog konteksta, Pula 30. rujna do 2. listopada (Lana Hude\u010dek i Milica Mihaljevi\u0107)","datePublished":"2021-10-07T10:30:22+00:00","dateModified":"2021-10-07T10:30:22+00:00","mainEntityOfPage":{"@id":"https:\/\/jena.jezik.hr\/index.php\/2021\/10\/07\/kroatistika-unutar-slavistickog-europskog-i-svjetskog-konteksta-pula-30-rujna-do-2-listopada-lana-hudecek-i-milica-mihaljevic\/"},"wordCount":64,"publisher":{"@id":"https:\/\/jena.jezik.hr\/#organization"},"image":{"@id":"https:\/\/jena.jezik.hr\/index.php\/2021\/10\/07\/kroatistika-unutar-slavistickog-europskog-i-svjetskog-konteksta-pula-30-rujna-do-2-listopada-lana-hudecek-i-milica-mihaljevic\/#primaryimage"},"thumbnailUrl":"https:\/\/jena.jezik.hr\/wp-content\/uploads\/2021\/10\/Slika2-1.png","articleSection":["Diseminacija i usavr\u0161avanje","Novosti"],"inLanguage":"hr"},{"@type":"WebPage","@id":"https:\/\/jena.jezik.hr\/index.php\/2021\/10\/07\/kroatistika-unutar-slavistickog-europskog-i-svjetskog-konteksta-pula-30-rujna-do-2-listopada-lana-hudecek-i-milica-mihaljevic\/","url":"https:\/\/jena.jezik.hr\/index.php\/2021\/10\/07\/kroatistika-unutar-slavistickog-europskog-i-svjetskog-konteksta-pula-30-rujna-do-2-listopada-lana-hudecek-i-milica-mihaljevic\/","name":"Kroatistika unutar slavisti\u010dkog, europskog i svjetskog konteksta, Pula 30. rujna do 2. listopada (Lana Hude\u010dek i Milica Mihaljevi\u0107) - JENA","isPartOf":{"@id":"https:\/\/jena.jezik.hr\/#website"},"primaryImageOfPage":{"@id":"https:\/\/jena.jezik.hr\/index.php\/2021\/10\/07\/kroatistika-unutar-slavistickog-europskog-i-svjetskog-konteksta-pula-30-rujna-do-2-listopada-lana-hudecek-i-milica-mihaljevic\/#primaryimage"},"image":{"@id":"https:\/\/jena.jezik.hr\/index.php\/2021\/10\/07\/kroatistika-unutar-slavistickog-europskog-i-svjetskog-konteksta-pula-30-rujna-do-2-listopada-lana-hudecek-i-milica-mihaljevic\/#primaryimage"},"thumbnailUrl":"https:\/\/jena.jezik.hr\/wp-content\/uploads\/2021\/10\/Slika2-1.png","datePublished":"2021-10-07T10:30:22+00:00","dateModified":"2021-10-07T10:30:22+00:00","breadcrumb":{"@id":"https:\/\/jena.jezik.hr\/index.php\/2021\/10\/07\/kroatistika-unutar-slavistickog-europskog-i-svjetskog-konteksta-pula-30-rujna-do-2-listopada-lana-hudecek-i-milica-mihaljevic\/#breadcrumb"},"inLanguage":"hr","potentialAction":[{"@type":"ReadAction","target":["https:\/\/jena.jezik.hr\/index.php\/2021\/10\/07\/kroatistika-unutar-slavistickog-europskog-i-svjetskog-konteksta-pula-30-rujna-do-2-listopada-lana-hudecek-i-milica-mihaljevic\/"]}]},{"@type":"ImageObject","inLanguage":"hr","@id":"https:\/\/jena.jezik.hr\/index.php\/2021\/10\/07\/kroatistika-unutar-slavistickog-europskog-i-svjetskog-konteksta-pula-30-rujna-do-2-listopada-lana-hudecek-i-milica-mihaljevic\/#primaryimage","url":"https:\/\/jena.jezik.hr\/wp-content\/uploads\/2021\/10\/Slika2-1.png","contentUrl":"https:\/\/jena.jezik.hr\/wp-content\/uploads\/2021\/10\/Slika2-1.png","width":418,"height":200},{"@type":"BreadcrumbList","@id":"https:\/\/jena.jezik.hr\/index.php\/2021\/10\/07\/kroatistika-unutar-slavistickog-europskog-i-svjetskog-konteksta-pula-30-rujna-do-2-listopada-lana-hudecek-i-milica-mihaljevic\/#breadcrumb","itemListElement":[{"@type":"ListItem","position":1,"name":"Po\u010detna stranica","item":"https:\/\/jena.jezik.hr\/"},{"@type":"ListItem","position":2,"name":"Kroatistika unutar slavisti\u010dkog, europskog i svjetskog konteksta, Pula 30. rujna do 2. listopada (Lana Hude\u010dek i Milica Mihaljevi\u0107)"}]},{"@type":"WebSite","@id":"https:\/\/jena.jezik.hr\/#website","url":"https:\/\/jena.jezik.hr\/","name":"JENA","description":"Hrvatsko jezikoslovno nazivlje \u2014 Jena","publisher":{"@id":"https:\/\/jena.jezik.hr\/#organization"},"potentialAction":[{"@type":"SearchAction","target":{"@type":"EntryPoint","urlTemplate":"https:\/\/jena.jezik.hr\/?s={search_term_string}"},"query-input":{"@type":"PropertyValueSpecification","valueRequired":true,"valueName":"search_term_string"}}],"inLanguage":"hr"},{"@type":"Organization","@id":"https:\/\/jena.jezik.hr\/#organization","name":"JENA","url":"https:\/\/jena.jezik.hr\/","logo":{"@type":"ImageObject","inLanguage":"hr","@id":"https:\/\/jena.jezik.hr\/#\/schema\/logo\/image\/","url":"https:\/\/jena.jezik.hr\/wp-content\/uploads\/2019\/07\/cropped-OG.png","contentUrl":"https:\/\/jena.jezik.hr\/wp-content\/uploads\/2019\/07\/cropped-OG.png","width":1200,"height":675,"caption":"JENA"},"image":{"@id":"https:\/\/jena.jezik.hr\/#\/schema\/logo\/image\/"}},{"@type":"Person","@id":"https:\/\/jena.jezik.hr\/#\/schema\/person\/6b8b213cde978306b5a3e349a3376f38","name":"IHJJ","image":{"@type":"ImageObject","inLanguage":"hr","@id":"https:\/\/jena.jezik.hr\/#\/schema\/person\/image\/","url":"https:\/\/secure.gravatar.com\/avatar\/58a7155f1ea7708811f04665deacea16?s=96&d=mm&r=g","contentUrl":"https:\/\/secure.gravatar.com\/avatar\/58a7155f1ea7708811f04665deacea16?s=96&d=mm&r=g","caption":"IHJJ"},"url":"https:\/\/jena.jezik.hr\/index.php\/author\/jena_josip\/"}]}},"_links":{"self":[{"href":"https:\/\/jena.jezik.hr\/index.php\/wp-json\/wp\/v2\/posts\/1027","targetHints":{"allow":["GET"]}}],"collection":[{"href":"https:\/\/jena.jezik.hr\/index.php\/wp-json\/wp\/v2\/posts"}],"about":[{"href":"https:\/\/jena.jezik.hr\/index.php\/wp-json\/wp\/v2\/types\/post"}],"author":[{"embeddable":true,"href":"https:\/\/jena.jezik.hr\/index.php\/wp-json\/wp\/v2\/users\/2"}],"replies":[{"embeddable":true,"href":"https:\/\/jena.jezik.hr\/index.php\/wp-json\/wp\/v2\/comments?post=1027"}],"version-history":[{"count":1,"href":"https:\/\/jena.jezik.hr\/index.php\/wp-json\/wp\/v2\/posts\/1027\/revisions"}],"predecessor-version":[{"id":1031,"href":"https:\/\/jena.jezik.hr\/index.php\/wp-json\/wp\/v2\/posts\/1027\/revisions\/1031"}],"wp:featuredmedia":[{"embeddable":true,"href":"https:\/\/jena.jezik.hr\/index.php\/wp-json\/wp\/v2\/media\/1030"}],"wp:attachment":[{"href":"https:\/\/jena.jezik.hr\/index.php\/wp-json\/wp\/v2\/media?parent=1027"}],"wp:term":[{"taxonomy":"category","embeddable":true,"href":"https:\/\/jena.jezik.hr\/index.php\/wp-json\/wp\/v2\/categories?post=1027"},{"taxonomy":"post_tag","embeddable":true,"href":"https:\/\/jena.jezik.hr\/index.php\/wp-json\/wp\/v2\/tags?post=1027"}],"curies":[{"name":"wp","href":"https:\/\/api.w.org\/{rel}","templated":true}]}}