{"id":1032,"date":"2021-10-11T12:48:48","date_gmt":"2021-10-11T12:48:48","guid":{"rendered":"http:\/\/jena.jezik.hr\/?p=1032"},"modified":"2021-10-11T12:49:46","modified_gmt":"2021-10-11T12:49:46","slug":"okrugli-stol-hrvatska-terminologija-u-europskome-kontekstu-stanje-i-perspektive","status":"publish","type":"post","link":"https:\/\/jena.jezik.hr\/index.php\/2021\/10\/11\/okrugli-stol-hrvatska-terminologija-u-europskome-kontekstu-stanje-i-perspektive\/","title":{"rendered":"Okrugli stol \u201eHrvatska terminologija u europskome kontekstu: stanje i perspektive\u201d"},"content":{"rendered":"<div class=\"cms-content\">\n<p style=\"text-align: justify;\">Tre\u0107i terminolo\u0161ki okrugli stol pod naslovom <i>Hrvatska terminologija u europskome kontekstu: stanje i perspektive<\/i> u organizaciji Znanstvenoga vije\u0107a za antropologijska istra\u017eivanja Hrvatske akademije znanosti i umjetnosti, Instituta za hrvatski jezik i jezikoslovlje i projekta <i>Hrvatsko jezikoslovno nazivlje \u2013 Jena<\/i> odr\u017eat \u0107e se u \u010detvrtak 28. listopada 2021. godine u Zagrebu. Okrugli stol po\u010dinje u 10 sati, a zbog epidemiolo\u0161ke situacije u cijelosti je organiziran na Zoomu (poveznica: <a href=\"https:\/\/us06web.zoom.us\/j\/82731423217\">https:\/\/us06web.zoom.us\/j\/82731423217<\/a>). Program skupa i knji\u017eica sa\u017eetaka dostupni su <a href=\"https:\/\/drive.google.com\/file\/d\/17pcj3_PqdT1PNaUXLkUyNVLlM32hKq-8\/view?usp=sharing\" target=\"_blank\" rel=\"noopener\">ovdje<\/a>.<\/p>\n<\/div>\n","protected":false},"excerpt":{"rendered":"<p>Tre\u0107i terminolo\u0161ki okrugli stol pod naslovom Hrvatska terminologija u europskome kontekstu: stanje i perspektive u organizaciji Znanstvenoga vije\u0107a za antropologijska istra\u017eivanja Hrvatske akademije znanosti i umjetnosti, Instituta za hrvatski jezik [&hellip;]<\/p>\n","protected":false},"author":2,"featured_media":935,"comment_status":"closed","ping_status":"closed","sticky":false,"template":"","format":"standard","meta":{"footnotes":"","_links_to":"","_links_to_target":""},"categories":[1,22],"tags":[],"class_list":["post-1032","post","type-post","status-publish","format-standard","has-post-thumbnail","hentry","category-novosti","category-okrugli-stol"],"yoast_head":"<!-- This site is optimized with the Yoast SEO plugin v24.1 - https:\/\/yoast.com\/wordpress\/plugins\/seo\/ -->\n<title>Okrugli stol \u201eHrvatska terminologija u europskome kontekstu: stanje i perspektive\u201d - JENA<\/title>\n<meta name=\"robots\" content=\"index, follow, max-snippet:-1, max-image-preview:large, max-video-preview:-1\" \/>\n<link rel=\"canonical\" href=\"https:\/\/jena.jezik.hr\/index.php\/2021\/10\/11\/okrugli-stol-hrvatska-terminologija-u-europskome-kontekstu-stanje-i-perspektive\/\" \/>\n<meta property=\"og:locale\" content=\"hr_HR\" \/>\n<meta property=\"og:type\" content=\"article\" \/>\n<meta property=\"og:title\" content=\"Okrugli stol \u201eHrvatska terminologija u europskome kontekstu: stanje i perspektive\u201d - JENA\" \/>\n<meta property=\"og:description\" content=\"Tre\u0107i terminolo\u0161ki okrugli stol pod naslovom Hrvatska terminologija u europskome kontekstu: stanje i perspektive u organizaciji Znanstvenoga vije\u0107a za antropologijska istra\u017eivanja Hrvatske akademije znanosti i umjetnosti, Instituta za hrvatski jezik [&hellip;]\" \/>\n<meta property=\"og:url\" content=\"https:\/\/jena.jezik.hr\/index.php\/2021\/10\/11\/okrugli-stol-hrvatska-terminologija-u-europskome-kontekstu-stanje-i-perspektive\/\" \/>\n<meta property=\"og:site_name\" content=\"JENA\" \/>\n<meta property=\"article:published_time\" content=\"2021-10-11T12:48:48+00:00\" \/>\n<meta property=\"article:modified_time\" content=\"2021-10-11T12:49:46+00:00\" \/>\n<meta property=\"og:image\" content=\"https:\/\/jena.jezik.hr\/wp-content\/uploads\/2019\/07\/cropped-OG.png\" \/>\n\t<meta property=\"og:image:width\" content=\"1200\" \/>\n\t<meta property=\"og:image:height\" content=\"675\" \/>\n\t<meta property=\"og:image:type\" content=\"image\/png\" \/>\n<meta name=\"author\" content=\"IHJJ\" \/>\n<meta name=\"twitter:card\" content=\"summary_large_image\" \/>\n<meta name=\"twitter:label1\" content=\"Napisao\/la\" \/>\n\t<meta name=\"twitter:data1\" content=\"IHJJ\" \/>\n<script type=\"application\/ld+json\" class=\"yoast-schema-graph\">{\"@context\":\"https:\/\/schema.org\",\"@graph\":[{\"@type\":\"Article\",\"@id\":\"https:\/\/jena.jezik.hr\/index.php\/2021\/10\/11\/okrugli-stol-hrvatska-terminologija-u-europskome-kontekstu-stanje-i-perspektive\/#article\",\"isPartOf\":{\"@id\":\"https:\/\/jena.jezik.hr\/index.php\/2021\/10\/11\/okrugli-stol-hrvatska-terminologija-u-europskome-kontekstu-stanje-i-perspektive\/\"},\"author\":{\"name\":\"IHJJ\",\"@id\":\"https:\/\/jena.jezik.hr\/#\/schema\/person\/6b8b213cde978306b5a3e349a3376f38\"},\"headline\":\"Okrugli stol \u201eHrvatska terminologija u europskome kontekstu: stanje i perspektive\u201d\",\"datePublished\":\"2021-10-11T12:48:48+00:00\",\"dateModified\":\"2021-10-11T12:49:46+00:00\",\"mainEntityOfPage\":{\"@id\":\"https:\/\/jena.jezik.hr\/index.php\/2021\/10\/11\/okrugli-stol-hrvatska-terminologija-u-europskome-kontekstu-stanje-i-perspektive\/\"},\"wordCount\":96,\"publisher\":{\"@id\":\"https:\/\/jena.jezik.hr\/#organization\"},\"image\":{\"@id\":\"https:\/\/jena.jezik.hr\/index.php\/2021\/10\/11\/okrugli-stol-hrvatska-terminologija-u-europskome-kontekstu-stanje-i-perspektive\/#primaryimage\"},\"thumbnailUrl\":\"https:\/\/jena.jezik.hr\/wp-content\/uploads\/2019\/07\/cropped-OG.png\",\"articleSection\":[\"Novosti\",\"Okrugli stol\"],\"inLanguage\":\"hr\"},{\"@type\":\"WebPage\",\"@id\":\"https:\/\/jena.jezik.hr\/index.php\/2021\/10\/11\/okrugli-stol-hrvatska-terminologija-u-europskome-kontekstu-stanje-i-perspektive\/\",\"url\":\"https:\/\/jena.jezik.hr\/index.php\/2021\/10\/11\/okrugli-stol-hrvatska-terminologija-u-europskome-kontekstu-stanje-i-perspektive\/\",\"name\":\"Okrugli stol \u201eHrvatska terminologija u europskome kontekstu: stanje i perspektive\u201d - JENA\",\"isPartOf\":{\"@id\":\"https:\/\/jena.jezik.hr\/#website\"},\"primaryImageOfPage\":{\"@id\":\"https:\/\/jena.jezik.hr\/index.php\/2021\/10\/11\/okrugli-stol-hrvatska-terminologija-u-europskome-kontekstu-stanje-i-perspektive\/#primaryimage\"},\"image\":{\"@id\":\"https:\/\/jena.jezik.hr\/index.php\/2021\/10\/11\/okrugli-stol-hrvatska-terminologija-u-europskome-kontekstu-stanje-i-perspektive\/#primaryimage\"},\"thumbnailUrl\":\"https:\/\/jena.jezik.hr\/wp-content\/uploads\/2019\/07\/cropped-OG.png\",\"datePublished\":\"2021-10-11T12:48:48+00:00\",\"dateModified\":\"2021-10-11T12:49:46+00:00\",\"breadcrumb\":{\"@id\":\"https:\/\/jena.jezik.hr\/index.php\/2021\/10\/11\/okrugli-stol-hrvatska-terminologija-u-europskome-kontekstu-stanje-i-perspektive\/#breadcrumb\"},\"inLanguage\":\"hr\",\"potentialAction\":[{\"@type\":\"ReadAction\",\"target\":[\"https:\/\/jena.jezik.hr\/index.php\/2021\/10\/11\/okrugli-stol-hrvatska-terminologija-u-europskome-kontekstu-stanje-i-perspektive\/\"]}]},{\"@type\":\"ImageObject\",\"inLanguage\":\"hr\",\"@id\":\"https:\/\/jena.jezik.hr\/index.php\/2021\/10\/11\/okrugli-stol-hrvatska-terminologija-u-europskome-kontekstu-stanje-i-perspektive\/#primaryimage\",\"url\":\"https:\/\/jena.jezik.hr\/wp-content\/uploads\/2019\/07\/cropped-OG.png\",\"contentUrl\":\"https:\/\/jena.jezik.hr\/wp-content\/uploads\/2019\/07\/cropped-OG.png\",\"width\":1200,\"height\":675},{\"@type\":\"BreadcrumbList\",\"@id\":\"https:\/\/jena.jezik.hr\/index.php\/2021\/10\/11\/okrugli-stol-hrvatska-terminologija-u-europskome-kontekstu-stanje-i-perspektive\/#breadcrumb\",\"itemListElement\":[{\"@type\":\"ListItem\",\"position\":1,\"name\":\"Po\u010detna stranica\",\"item\":\"https:\/\/jena.jezik.hr\/\"},{\"@type\":\"ListItem\",\"position\":2,\"name\":\"Okrugli stol \u201eHrvatska terminologija u europskome kontekstu: stanje i perspektive\u201d\"}]},{\"@type\":\"WebSite\",\"@id\":\"https:\/\/jena.jezik.hr\/#website\",\"url\":\"https:\/\/jena.jezik.hr\/\",\"name\":\"JENA\",\"description\":\"Hrvatsko jezikoslovno nazivlje \u2014 Jena\",\"publisher\":{\"@id\":\"https:\/\/jena.jezik.hr\/#organization\"},\"potentialAction\":[{\"@type\":\"SearchAction\",\"target\":{\"@type\":\"EntryPoint\",\"urlTemplate\":\"https:\/\/jena.jezik.hr\/?s={search_term_string}\"},\"query-input\":{\"@type\":\"PropertyValueSpecification\",\"valueRequired\":true,\"valueName\":\"search_term_string\"}}],\"inLanguage\":\"hr\"},{\"@type\":\"Organization\",\"@id\":\"https:\/\/jena.jezik.hr\/#organization\",\"name\":\"JENA\",\"url\":\"https:\/\/jena.jezik.hr\/\",\"logo\":{\"@type\":\"ImageObject\",\"inLanguage\":\"hr\",\"@id\":\"https:\/\/jena.jezik.hr\/#\/schema\/logo\/image\/\",\"url\":\"https:\/\/jena.jezik.hr\/wp-content\/uploads\/2019\/07\/cropped-OG.png\",\"contentUrl\":\"https:\/\/jena.jezik.hr\/wp-content\/uploads\/2019\/07\/cropped-OG.png\",\"width\":1200,\"height\":675,\"caption\":\"JENA\"},\"image\":{\"@id\":\"https:\/\/jena.jezik.hr\/#\/schema\/logo\/image\/\"}},{\"@type\":\"Person\",\"@id\":\"https:\/\/jena.jezik.hr\/#\/schema\/person\/6b8b213cde978306b5a3e349a3376f38\",\"name\":\"IHJJ\",\"image\":{\"@type\":\"ImageObject\",\"inLanguage\":\"hr\",\"@id\":\"https:\/\/jena.jezik.hr\/#\/schema\/person\/image\/\",\"url\":\"https:\/\/secure.gravatar.com\/avatar\/58a7155f1ea7708811f04665deacea16?s=96&d=mm&r=g\",\"contentUrl\":\"https:\/\/secure.gravatar.com\/avatar\/58a7155f1ea7708811f04665deacea16?s=96&d=mm&r=g\",\"caption\":\"IHJJ\"},\"url\":\"https:\/\/jena.jezik.hr\/index.php\/author\/jena_josip\/\"}]}<\/script>\n<!-- \/ Yoast SEO plugin. -->","yoast_head_json":{"title":"Okrugli stol \u201eHrvatska terminologija u europskome kontekstu: stanje i perspektive\u201d - JENA","robots":{"index":"index","follow":"follow","max-snippet":"max-snippet:-1","max-image-preview":"max-image-preview:large","max-video-preview":"max-video-preview:-1"},"canonical":"https:\/\/jena.jezik.hr\/index.php\/2021\/10\/11\/okrugli-stol-hrvatska-terminologija-u-europskome-kontekstu-stanje-i-perspektive\/","og_locale":"hr_HR","og_type":"article","og_title":"Okrugli stol \u201eHrvatska terminologija u europskome kontekstu: stanje i perspektive\u201d - JENA","og_description":"Tre\u0107i terminolo\u0161ki okrugli stol pod naslovom Hrvatska terminologija u europskome kontekstu: stanje i perspektive u organizaciji Znanstvenoga vije\u0107a za antropologijska istra\u017eivanja Hrvatske akademije znanosti i umjetnosti, Instituta za hrvatski jezik [&hellip;]","og_url":"https:\/\/jena.jezik.hr\/index.php\/2021\/10\/11\/okrugli-stol-hrvatska-terminologija-u-europskome-kontekstu-stanje-i-perspektive\/","og_site_name":"JENA","article_published_time":"2021-10-11T12:48:48+00:00","article_modified_time":"2021-10-11T12:49:46+00:00","og_image":[{"width":1200,"height":675,"url":"https:\/\/jena.jezik.hr\/wp-content\/uploads\/2019\/07\/cropped-OG.png","type":"image\/png"}],"author":"IHJJ","twitter_card":"summary_large_image","twitter_misc":{"Napisao\/la":"IHJJ"},"schema":{"@context":"https:\/\/schema.org","@graph":[{"@type":"Article","@id":"https:\/\/jena.jezik.hr\/index.php\/2021\/10\/11\/okrugli-stol-hrvatska-terminologija-u-europskome-kontekstu-stanje-i-perspektive\/#article","isPartOf":{"@id":"https:\/\/jena.jezik.hr\/index.php\/2021\/10\/11\/okrugli-stol-hrvatska-terminologija-u-europskome-kontekstu-stanje-i-perspektive\/"},"author":{"name":"IHJJ","@id":"https:\/\/jena.jezik.hr\/#\/schema\/person\/6b8b213cde978306b5a3e349a3376f38"},"headline":"Okrugli stol \u201eHrvatska terminologija u europskome kontekstu: stanje i perspektive\u201d","datePublished":"2021-10-11T12:48:48+00:00","dateModified":"2021-10-11T12:49:46+00:00","mainEntityOfPage":{"@id":"https:\/\/jena.jezik.hr\/index.php\/2021\/10\/11\/okrugli-stol-hrvatska-terminologija-u-europskome-kontekstu-stanje-i-perspektive\/"},"wordCount":96,"publisher":{"@id":"https:\/\/jena.jezik.hr\/#organization"},"image":{"@id":"https:\/\/jena.jezik.hr\/index.php\/2021\/10\/11\/okrugli-stol-hrvatska-terminologija-u-europskome-kontekstu-stanje-i-perspektive\/#primaryimage"},"thumbnailUrl":"https:\/\/jena.jezik.hr\/wp-content\/uploads\/2019\/07\/cropped-OG.png","articleSection":["Novosti","Okrugli stol"],"inLanguage":"hr"},{"@type":"WebPage","@id":"https:\/\/jena.jezik.hr\/index.php\/2021\/10\/11\/okrugli-stol-hrvatska-terminologija-u-europskome-kontekstu-stanje-i-perspektive\/","url":"https:\/\/jena.jezik.hr\/index.php\/2021\/10\/11\/okrugli-stol-hrvatska-terminologija-u-europskome-kontekstu-stanje-i-perspektive\/","name":"Okrugli stol \u201eHrvatska terminologija u europskome kontekstu: stanje i perspektive\u201d - JENA","isPartOf":{"@id":"https:\/\/jena.jezik.hr\/#website"},"primaryImageOfPage":{"@id":"https:\/\/jena.jezik.hr\/index.php\/2021\/10\/11\/okrugli-stol-hrvatska-terminologija-u-europskome-kontekstu-stanje-i-perspektive\/#primaryimage"},"image":{"@id":"https:\/\/jena.jezik.hr\/index.php\/2021\/10\/11\/okrugli-stol-hrvatska-terminologija-u-europskome-kontekstu-stanje-i-perspektive\/#primaryimage"},"thumbnailUrl":"https:\/\/jena.jezik.hr\/wp-content\/uploads\/2019\/07\/cropped-OG.png","datePublished":"2021-10-11T12:48:48+00:00","dateModified":"2021-10-11T12:49:46+00:00","breadcrumb":{"@id":"https:\/\/jena.jezik.hr\/index.php\/2021\/10\/11\/okrugli-stol-hrvatska-terminologija-u-europskome-kontekstu-stanje-i-perspektive\/#breadcrumb"},"inLanguage":"hr","potentialAction":[{"@type":"ReadAction","target":["https:\/\/jena.jezik.hr\/index.php\/2021\/10\/11\/okrugli-stol-hrvatska-terminologija-u-europskome-kontekstu-stanje-i-perspektive\/"]}]},{"@type":"ImageObject","inLanguage":"hr","@id":"https:\/\/jena.jezik.hr\/index.php\/2021\/10\/11\/okrugli-stol-hrvatska-terminologija-u-europskome-kontekstu-stanje-i-perspektive\/#primaryimage","url":"https:\/\/jena.jezik.hr\/wp-content\/uploads\/2019\/07\/cropped-OG.png","contentUrl":"https:\/\/jena.jezik.hr\/wp-content\/uploads\/2019\/07\/cropped-OG.png","width":1200,"height":675},{"@type":"BreadcrumbList","@id":"https:\/\/jena.jezik.hr\/index.php\/2021\/10\/11\/okrugli-stol-hrvatska-terminologija-u-europskome-kontekstu-stanje-i-perspektive\/#breadcrumb","itemListElement":[{"@type":"ListItem","position":1,"name":"Po\u010detna stranica","item":"https:\/\/jena.jezik.hr\/"},{"@type":"ListItem","position":2,"name":"Okrugli stol \u201eHrvatska terminologija u europskome kontekstu: stanje i perspektive\u201d"}]},{"@type":"WebSite","@id":"https:\/\/jena.jezik.hr\/#website","url":"https:\/\/jena.jezik.hr\/","name":"JENA","description":"Hrvatsko jezikoslovno nazivlje \u2014 Jena","publisher":{"@id":"https:\/\/jena.jezik.hr\/#organization"},"potentialAction":[{"@type":"SearchAction","target":{"@type":"EntryPoint","urlTemplate":"https:\/\/jena.jezik.hr\/?s={search_term_string}"},"query-input":{"@type":"PropertyValueSpecification","valueRequired":true,"valueName":"search_term_string"}}],"inLanguage":"hr"},{"@type":"Organization","@id":"https:\/\/jena.jezik.hr\/#organization","name":"JENA","url":"https:\/\/jena.jezik.hr\/","logo":{"@type":"ImageObject","inLanguage":"hr","@id":"https:\/\/jena.jezik.hr\/#\/schema\/logo\/image\/","url":"https:\/\/jena.jezik.hr\/wp-content\/uploads\/2019\/07\/cropped-OG.png","contentUrl":"https:\/\/jena.jezik.hr\/wp-content\/uploads\/2019\/07\/cropped-OG.png","width":1200,"height":675,"caption":"JENA"},"image":{"@id":"https:\/\/jena.jezik.hr\/#\/schema\/logo\/image\/"}},{"@type":"Person","@id":"https:\/\/jena.jezik.hr\/#\/schema\/person\/6b8b213cde978306b5a3e349a3376f38","name":"IHJJ","image":{"@type":"ImageObject","inLanguage":"hr","@id":"https:\/\/jena.jezik.hr\/#\/schema\/person\/image\/","url":"https:\/\/secure.gravatar.com\/avatar\/58a7155f1ea7708811f04665deacea16?s=96&d=mm&r=g","contentUrl":"https:\/\/secure.gravatar.com\/avatar\/58a7155f1ea7708811f04665deacea16?s=96&d=mm&r=g","caption":"IHJJ"},"url":"https:\/\/jena.jezik.hr\/index.php\/author\/jena_josip\/"}]}},"_links":{"self":[{"href":"https:\/\/jena.jezik.hr\/index.php\/wp-json\/wp\/v2\/posts\/1032","targetHints":{"allow":["GET"]}}],"collection":[{"href":"https:\/\/jena.jezik.hr\/index.php\/wp-json\/wp\/v2\/posts"}],"about":[{"href":"https:\/\/jena.jezik.hr\/index.php\/wp-json\/wp\/v2\/types\/post"}],"author":[{"embeddable":true,"href":"https:\/\/jena.jezik.hr\/index.php\/wp-json\/wp\/v2\/users\/2"}],"replies":[{"embeddable":true,"href":"https:\/\/jena.jezik.hr\/index.php\/wp-json\/wp\/v2\/comments?post=1032"}],"version-history":[{"count":1,"href":"https:\/\/jena.jezik.hr\/index.php\/wp-json\/wp\/v2\/posts\/1032\/revisions"}],"predecessor-version":[{"id":1034,"href":"https:\/\/jena.jezik.hr\/index.php\/wp-json\/wp\/v2\/posts\/1032\/revisions\/1034"}],"wp:featuredmedia":[{"embeddable":true,"href":"https:\/\/jena.jezik.hr\/index.php\/wp-json\/wp\/v2\/media\/935"}],"wp:attachment":[{"href":"https:\/\/jena.jezik.hr\/index.php\/wp-json\/wp\/v2\/media?parent=1032"}],"wp:term":[{"taxonomy":"category","embeddable":true,"href":"https:\/\/jena.jezik.hr\/index.php\/wp-json\/wp\/v2\/categories?post=1032"},{"taxonomy":"post_tag","embeddable":true,"href":"https:\/\/jena.jezik.hr\/index.php\/wp-json\/wp\/v2\/tags?post=1032"}],"curies":[{"name":"wp","href":"https:\/\/api.w.org\/{rel}","templated":true}]}}