{"id":1036,"date":"2021-11-02T11:07:02","date_gmt":"2021-11-02T11:07:02","guid":{"rendered":"http:\/\/jena.jezik.hr\/?p=1036"},"modified":"2021-11-16T09:13:52","modified_gmt":"2021-11-16T09:13:52","slug":"hrvatska-terminologija-u-europskome-kontekstu-stanje-i-perspektive-zagreb-28-listopada-2021-marijana-horvat-lana-hudecek-i-milica-mihaljevic","status":"publish","type":"post","link":"https:\/\/jena.jezik.hr\/index.php\/2021\/11\/02\/hrvatska-terminologija-u-europskome-kontekstu-stanje-i-perspektive-zagreb-28-listopada-2021-marijana-horvat-lana-hudecek-i-milica-mihaljevic\/","title":{"rendered":"Hrvatska terminologija u europskome kontekstu: stanje i perspektive, Zagreb, 28. listopada 2021. (Marijana Horvat, Lana Hude\u010dek i Milica Mihaljevi\u0107)"},"content":{"rendered":"<p style=\"text-align: justify;\">Na Okruglome stolu Milica Mihaljevi\u0107 u izlaganju je <a href=\"https:\/\/jena.jezik.hr\/wp-content\/uploads\/2021\/11\/Novi-okrugli-stol.pdf\" target=\"_blank\" rel=\"noopener\"><em>Croatian linguistic terminology \u2013 one year later<\/em><\/a> predstavila rad na internome projektu <em>Jena<\/em>. Prezentacija se mo\u017ee preuzeti <a href=\"https:\/\/jena.jezik.hr\/wp-content\/uploads\/2021\/11\/Novi-okrugli-stol.pdf\" target=\"_blank\" rel=\"noopener\">ovdje<\/a>. Marijana Horvat govorila je o gramati\u010dkome nazivlju u projektu <em>RETROGRAM<\/em>, a Lana Hude\u010dek govorila je o nazivlju u <em>Hrvatskome mre\u017enim rje\u010dniku \u2013 Mre\u017eniku<\/em>. Obje su istaknula suradnju s projektom Jena. Okrugli stol je zbog epidemiolo\u0161ke situacije u cijelosti organiziran na Zoomu. Program skupa i knji\u017eica sa\u017eetaka dostupni su <a href=\"https:\/\/drive.google.com\/file\/d\/17pcj3_PqdT1PNaUXLkUyNVLlM32hKq-8\/view?usp=sharing\" target=\"_blank\" rel=\"noopener\">ovdje<\/a>.<\/p>\n<p>&nbsp;<\/p>\n<p>&nbsp;<\/p>\n","protected":false},"excerpt":{"rendered":"<p>Na Okruglome stolu Milica Mihaljevi\u0107 u izlaganju je Croatian linguistic terminology \u2013 one year later predstavila rad na internome projektu Jena. Prezentacija se mo\u017ee preuzeti ovdje. Marijana Horvat govorila je [&hellip;]<\/p>\n","protected":false},"author":2,"featured_media":426,"comment_status":"closed","ping_status":"closed","sticky":false,"template":"","format":"standard","meta":{"footnotes":"","_links_to":"","_links_to_target":""},"categories":[4],"tags":[],"class_list":["post-1036","post","type-post","status-publish","format-standard","has-post-thumbnail","hentry","category-diseminacija-i-usavrsavanje"],"yoast_head":"<!-- This site is optimized with the Yoast SEO plugin v24.1 - https:\/\/yoast.com\/wordpress\/plugins\/seo\/ -->\n<title>Hrvatska terminologija u europskome kontekstu: stanje i perspektive, Zagreb, 28. listopada 2021. (Marijana Horvat, Lana Hude\u010dek i Milica Mihaljevi\u0107) - JENA<\/title>\n<meta name=\"robots\" content=\"index, follow, max-snippet:-1, max-image-preview:large, max-video-preview:-1\" \/>\n<link rel=\"canonical\" href=\"https:\/\/jena.jezik.hr\/index.php\/2021\/11\/02\/hrvatska-terminologija-u-europskome-kontekstu-stanje-i-perspektive-zagreb-28-listopada-2021-marijana-horvat-lana-hudecek-i-milica-mihaljevic\/\" \/>\n<meta property=\"og:locale\" content=\"hr_HR\" \/>\n<meta property=\"og:type\" content=\"article\" \/>\n<meta property=\"og:title\" content=\"Hrvatska terminologija u europskome kontekstu: stanje i perspektive, Zagreb, 28. listopada 2021. (Marijana Horvat, Lana Hude\u010dek i Milica Mihaljevi\u0107) - JENA\" \/>\n<meta property=\"og:description\" content=\"Na Okruglome stolu Milica Mihaljevi\u0107 u izlaganju je Croatian linguistic terminology \u2013 one year later predstavila rad na internome projektu Jena. Prezentacija se mo\u017ee preuzeti ovdje. Marijana Horvat govorila je [&hellip;]\" \/>\n<meta property=\"og:url\" content=\"https:\/\/jena.jezik.hr\/index.php\/2021\/11\/02\/hrvatska-terminologija-u-europskome-kontekstu-stanje-i-perspektive-zagreb-28-listopada-2021-marijana-horvat-lana-hudecek-i-milica-mihaljevic\/\" \/>\n<meta property=\"og:site_name\" content=\"JENA\" \/>\n<meta property=\"article:published_time\" content=\"2021-11-02T11:07:02+00:00\" \/>\n<meta property=\"article:modified_time\" content=\"2021-11-16T09:13:52+00:00\" \/>\n<meta property=\"og:image\" content=\"https:\/\/jena.jezik.hr\/wp-content\/uploads\/2019\/07\/s5.jpg\" \/>\n\t<meta property=\"og:image:width\" content=\"544\" \/>\n\t<meta property=\"og:image:height\" content=\"346\" \/>\n\t<meta property=\"og:image:type\" content=\"image\/jpeg\" \/>\n<meta name=\"author\" content=\"IHJJ\" \/>\n<meta name=\"twitter:card\" content=\"summary_large_image\" \/>\n<meta name=\"twitter:label1\" content=\"Napisao\/la\" \/>\n\t<meta name=\"twitter:data1\" content=\"IHJJ\" \/>\n<script type=\"application\/ld+json\" class=\"yoast-schema-graph\">{\"@context\":\"https:\/\/schema.org\",\"@graph\":[{\"@type\":\"Article\",\"@id\":\"https:\/\/jena.jezik.hr\/index.php\/2021\/11\/02\/hrvatska-terminologija-u-europskome-kontekstu-stanje-i-perspektive-zagreb-28-listopada-2021-marijana-horvat-lana-hudecek-i-milica-mihaljevic\/#article\",\"isPartOf\":{\"@id\":\"https:\/\/jena.jezik.hr\/index.php\/2021\/11\/02\/hrvatska-terminologija-u-europskome-kontekstu-stanje-i-perspektive-zagreb-28-listopada-2021-marijana-horvat-lana-hudecek-i-milica-mihaljevic\/\"},\"author\":{\"name\":\"IHJJ\",\"@id\":\"https:\/\/jena.jezik.hr\/#\/schema\/person\/6b8b213cde978306b5a3e349a3376f38\"},\"headline\":\"Hrvatska terminologija u europskome kontekstu: stanje i perspektive, Zagreb, 28. listopada 2021. (Marijana Horvat, Lana Hude\u010dek i Milica Mihaljevi\u0107)\",\"datePublished\":\"2021-11-02T11:07:02+00:00\",\"dateModified\":\"2021-11-16T09:13:52+00:00\",\"mainEntityOfPage\":{\"@id\":\"https:\/\/jena.jezik.hr\/index.php\/2021\/11\/02\/hrvatska-terminologija-u-europskome-kontekstu-stanje-i-perspektive-zagreb-28-listopada-2021-marijana-horvat-lana-hudecek-i-milica-mihaljevic\/\"},\"wordCount\":102,\"publisher\":{\"@id\":\"https:\/\/jena.jezik.hr\/#organization\"},\"image\":{\"@id\":\"https:\/\/jena.jezik.hr\/index.php\/2021\/11\/02\/hrvatska-terminologija-u-europskome-kontekstu-stanje-i-perspektive-zagreb-28-listopada-2021-marijana-horvat-lana-hudecek-i-milica-mihaljevic\/#primaryimage\"},\"thumbnailUrl\":\"https:\/\/jena.jezik.hr\/wp-content\/uploads\/2019\/07\/s5.jpg\",\"articleSection\":[\"Diseminacija i usavr\u0161avanje\"],\"inLanguage\":\"hr\"},{\"@type\":\"WebPage\",\"@id\":\"https:\/\/jena.jezik.hr\/index.php\/2021\/11\/02\/hrvatska-terminologija-u-europskome-kontekstu-stanje-i-perspektive-zagreb-28-listopada-2021-marijana-horvat-lana-hudecek-i-milica-mihaljevic\/\",\"url\":\"https:\/\/jena.jezik.hr\/index.php\/2021\/11\/02\/hrvatska-terminologija-u-europskome-kontekstu-stanje-i-perspektive-zagreb-28-listopada-2021-marijana-horvat-lana-hudecek-i-milica-mihaljevic\/\",\"name\":\"Hrvatska terminologija u europskome kontekstu: stanje i perspektive, Zagreb, 28. listopada 2021. (Marijana Horvat, Lana Hude\u010dek i Milica Mihaljevi\u0107) - JENA\",\"isPartOf\":{\"@id\":\"https:\/\/jena.jezik.hr\/#website\"},\"primaryImageOfPage\":{\"@id\":\"https:\/\/jena.jezik.hr\/index.php\/2021\/11\/02\/hrvatska-terminologija-u-europskome-kontekstu-stanje-i-perspektive-zagreb-28-listopada-2021-marijana-horvat-lana-hudecek-i-milica-mihaljevic\/#primaryimage\"},\"image\":{\"@id\":\"https:\/\/jena.jezik.hr\/index.php\/2021\/11\/02\/hrvatska-terminologija-u-europskome-kontekstu-stanje-i-perspektive-zagreb-28-listopada-2021-marijana-horvat-lana-hudecek-i-milica-mihaljevic\/#primaryimage\"},\"thumbnailUrl\":\"https:\/\/jena.jezik.hr\/wp-content\/uploads\/2019\/07\/s5.jpg\",\"datePublished\":\"2021-11-02T11:07:02+00:00\",\"dateModified\":\"2021-11-16T09:13:52+00:00\",\"breadcrumb\":{\"@id\":\"https:\/\/jena.jezik.hr\/index.php\/2021\/11\/02\/hrvatska-terminologija-u-europskome-kontekstu-stanje-i-perspektive-zagreb-28-listopada-2021-marijana-horvat-lana-hudecek-i-milica-mihaljevic\/#breadcrumb\"},\"inLanguage\":\"hr\",\"potentialAction\":[{\"@type\":\"ReadAction\",\"target\":[\"https:\/\/jena.jezik.hr\/index.php\/2021\/11\/02\/hrvatska-terminologija-u-europskome-kontekstu-stanje-i-perspektive-zagreb-28-listopada-2021-marijana-horvat-lana-hudecek-i-milica-mihaljevic\/\"]}]},{\"@type\":\"ImageObject\",\"inLanguage\":\"hr\",\"@id\":\"https:\/\/jena.jezik.hr\/index.php\/2021\/11\/02\/hrvatska-terminologija-u-europskome-kontekstu-stanje-i-perspektive-zagreb-28-listopada-2021-marijana-horvat-lana-hudecek-i-milica-mihaljevic\/#primaryimage\",\"url\":\"https:\/\/jena.jezik.hr\/wp-content\/uploads\/2019\/07\/s5.jpg\",\"contentUrl\":\"https:\/\/jena.jezik.hr\/wp-content\/uploads\/2019\/07\/s5.jpg\",\"width\":544,\"height\":346},{\"@type\":\"BreadcrumbList\",\"@id\":\"https:\/\/jena.jezik.hr\/index.php\/2021\/11\/02\/hrvatska-terminologija-u-europskome-kontekstu-stanje-i-perspektive-zagreb-28-listopada-2021-marijana-horvat-lana-hudecek-i-milica-mihaljevic\/#breadcrumb\",\"itemListElement\":[{\"@type\":\"ListItem\",\"position\":1,\"name\":\"Po\u010detna stranica\",\"item\":\"https:\/\/jena.jezik.hr\/\"},{\"@type\":\"ListItem\",\"position\":2,\"name\":\"Hrvatska terminologija u europskome kontekstu: stanje i perspektive, Zagreb, 28. listopada 2021. (Marijana Horvat, Lana Hude\u010dek i Milica Mihaljevi\u0107)\"}]},{\"@type\":\"WebSite\",\"@id\":\"https:\/\/jena.jezik.hr\/#website\",\"url\":\"https:\/\/jena.jezik.hr\/\",\"name\":\"JENA\",\"description\":\"Hrvatsko jezikoslovno nazivlje \u2014 Jena\",\"publisher\":{\"@id\":\"https:\/\/jena.jezik.hr\/#organization\"},\"potentialAction\":[{\"@type\":\"SearchAction\",\"target\":{\"@type\":\"EntryPoint\",\"urlTemplate\":\"https:\/\/jena.jezik.hr\/?s={search_term_string}\"},\"query-input\":{\"@type\":\"PropertyValueSpecification\",\"valueRequired\":true,\"valueName\":\"search_term_string\"}}],\"inLanguage\":\"hr\"},{\"@type\":\"Organization\",\"@id\":\"https:\/\/jena.jezik.hr\/#organization\",\"name\":\"JENA\",\"url\":\"https:\/\/jena.jezik.hr\/\",\"logo\":{\"@type\":\"ImageObject\",\"inLanguage\":\"hr\",\"@id\":\"https:\/\/jena.jezik.hr\/#\/schema\/logo\/image\/\",\"url\":\"https:\/\/jena.jezik.hr\/wp-content\/uploads\/2019\/07\/cropped-OG.png\",\"contentUrl\":\"https:\/\/jena.jezik.hr\/wp-content\/uploads\/2019\/07\/cropped-OG.png\",\"width\":1200,\"height\":675,\"caption\":\"JENA\"},\"image\":{\"@id\":\"https:\/\/jena.jezik.hr\/#\/schema\/logo\/image\/\"}},{\"@type\":\"Person\",\"@id\":\"https:\/\/jena.jezik.hr\/#\/schema\/person\/6b8b213cde978306b5a3e349a3376f38\",\"name\":\"IHJJ\",\"image\":{\"@type\":\"ImageObject\",\"inLanguage\":\"hr\",\"@id\":\"https:\/\/jena.jezik.hr\/#\/schema\/person\/image\/\",\"url\":\"https:\/\/secure.gravatar.com\/avatar\/58a7155f1ea7708811f04665deacea16?s=96&d=mm&r=g\",\"contentUrl\":\"https:\/\/secure.gravatar.com\/avatar\/58a7155f1ea7708811f04665deacea16?s=96&d=mm&r=g\",\"caption\":\"IHJJ\"},\"url\":\"https:\/\/jena.jezik.hr\/index.php\/author\/jena_josip\/\"}]}<\/script>\n<!-- \/ Yoast SEO plugin. -->","yoast_head_json":{"title":"Hrvatska terminologija u europskome kontekstu: stanje i perspektive, Zagreb, 28. listopada 2021. (Marijana Horvat, Lana Hude\u010dek i Milica Mihaljevi\u0107) - JENA","robots":{"index":"index","follow":"follow","max-snippet":"max-snippet:-1","max-image-preview":"max-image-preview:large","max-video-preview":"max-video-preview:-1"},"canonical":"https:\/\/jena.jezik.hr\/index.php\/2021\/11\/02\/hrvatska-terminologija-u-europskome-kontekstu-stanje-i-perspektive-zagreb-28-listopada-2021-marijana-horvat-lana-hudecek-i-milica-mihaljevic\/","og_locale":"hr_HR","og_type":"article","og_title":"Hrvatska terminologija u europskome kontekstu: stanje i perspektive, Zagreb, 28. listopada 2021. (Marijana Horvat, Lana Hude\u010dek i Milica Mihaljevi\u0107) - JENA","og_description":"Na Okruglome stolu Milica Mihaljevi\u0107 u izlaganju je Croatian linguistic terminology \u2013 one year later predstavila rad na internome projektu Jena. Prezentacija se mo\u017ee preuzeti ovdje. Marijana Horvat govorila je [&hellip;]","og_url":"https:\/\/jena.jezik.hr\/index.php\/2021\/11\/02\/hrvatska-terminologija-u-europskome-kontekstu-stanje-i-perspektive-zagreb-28-listopada-2021-marijana-horvat-lana-hudecek-i-milica-mihaljevic\/","og_site_name":"JENA","article_published_time":"2021-11-02T11:07:02+00:00","article_modified_time":"2021-11-16T09:13:52+00:00","og_image":[{"width":544,"height":346,"url":"https:\/\/jena.jezik.hr\/wp-content\/uploads\/2019\/07\/s5.jpg","type":"image\/jpeg"}],"author":"IHJJ","twitter_card":"summary_large_image","twitter_misc":{"Napisao\/la":"IHJJ"},"schema":{"@context":"https:\/\/schema.org","@graph":[{"@type":"Article","@id":"https:\/\/jena.jezik.hr\/index.php\/2021\/11\/02\/hrvatska-terminologija-u-europskome-kontekstu-stanje-i-perspektive-zagreb-28-listopada-2021-marijana-horvat-lana-hudecek-i-milica-mihaljevic\/#article","isPartOf":{"@id":"https:\/\/jena.jezik.hr\/index.php\/2021\/11\/02\/hrvatska-terminologija-u-europskome-kontekstu-stanje-i-perspektive-zagreb-28-listopada-2021-marijana-horvat-lana-hudecek-i-milica-mihaljevic\/"},"author":{"name":"IHJJ","@id":"https:\/\/jena.jezik.hr\/#\/schema\/person\/6b8b213cde978306b5a3e349a3376f38"},"headline":"Hrvatska terminologija u europskome kontekstu: stanje i perspektive, Zagreb, 28. listopada 2021. (Marijana Horvat, Lana Hude\u010dek i Milica Mihaljevi\u0107)","datePublished":"2021-11-02T11:07:02+00:00","dateModified":"2021-11-16T09:13:52+00:00","mainEntityOfPage":{"@id":"https:\/\/jena.jezik.hr\/index.php\/2021\/11\/02\/hrvatska-terminologija-u-europskome-kontekstu-stanje-i-perspektive-zagreb-28-listopada-2021-marijana-horvat-lana-hudecek-i-milica-mihaljevic\/"},"wordCount":102,"publisher":{"@id":"https:\/\/jena.jezik.hr\/#organization"},"image":{"@id":"https:\/\/jena.jezik.hr\/index.php\/2021\/11\/02\/hrvatska-terminologija-u-europskome-kontekstu-stanje-i-perspektive-zagreb-28-listopada-2021-marijana-horvat-lana-hudecek-i-milica-mihaljevic\/#primaryimage"},"thumbnailUrl":"https:\/\/jena.jezik.hr\/wp-content\/uploads\/2019\/07\/s5.jpg","articleSection":["Diseminacija i usavr\u0161avanje"],"inLanguage":"hr"},{"@type":"WebPage","@id":"https:\/\/jena.jezik.hr\/index.php\/2021\/11\/02\/hrvatska-terminologija-u-europskome-kontekstu-stanje-i-perspektive-zagreb-28-listopada-2021-marijana-horvat-lana-hudecek-i-milica-mihaljevic\/","url":"https:\/\/jena.jezik.hr\/index.php\/2021\/11\/02\/hrvatska-terminologija-u-europskome-kontekstu-stanje-i-perspektive-zagreb-28-listopada-2021-marijana-horvat-lana-hudecek-i-milica-mihaljevic\/","name":"Hrvatska terminologija u europskome kontekstu: stanje i perspektive, Zagreb, 28. listopada 2021. (Marijana Horvat, Lana Hude\u010dek i Milica Mihaljevi\u0107) - JENA","isPartOf":{"@id":"https:\/\/jena.jezik.hr\/#website"},"primaryImageOfPage":{"@id":"https:\/\/jena.jezik.hr\/index.php\/2021\/11\/02\/hrvatska-terminologija-u-europskome-kontekstu-stanje-i-perspektive-zagreb-28-listopada-2021-marijana-horvat-lana-hudecek-i-milica-mihaljevic\/#primaryimage"},"image":{"@id":"https:\/\/jena.jezik.hr\/index.php\/2021\/11\/02\/hrvatska-terminologija-u-europskome-kontekstu-stanje-i-perspektive-zagreb-28-listopada-2021-marijana-horvat-lana-hudecek-i-milica-mihaljevic\/#primaryimage"},"thumbnailUrl":"https:\/\/jena.jezik.hr\/wp-content\/uploads\/2019\/07\/s5.jpg","datePublished":"2021-11-02T11:07:02+00:00","dateModified":"2021-11-16T09:13:52+00:00","breadcrumb":{"@id":"https:\/\/jena.jezik.hr\/index.php\/2021\/11\/02\/hrvatska-terminologija-u-europskome-kontekstu-stanje-i-perspektive-zagreb-28-listopada-2021-marijana-horvat-lana-hudecek-i-milica-mihaljevic\/#breadcrumb"},"inLanguage":"hr","potentialAction":[{"@type":"ReadAction","target":["https:\/\/jena.jezik.hr\/index.php\/2021\/11\/02\/hrvatska-terminologija-u-europskome-kontekstu-stanje-i-perspektive-zagreb-28-listopada-2021-marijana-horvat-lana-hudecek-i-milica-mihaljevic\/"]}]},{"@type":"ImageObject","inLanguage":"hr","@id":"https:\/\/jena.jezik.hr\/index.php\/2021\/11\/02\/hrvatska-terminologija-u-europskome-kontekstu-stanje-i-perspektive-zagreb-28-listopada-2021-marijana-horvat-lana-hudecek-i-milica-mihaljevic\/#primaryimage","url":"https:\/\/jena.jezik.hr\/wp-content\/uploads\/2019\/07\/s5.jpg","contentUrl":"https:\/\/jena.jezik.hr\/wp-content\/uploads\/2019\/07\/s5.jpg","width":544,"height":346},{"@type":"BreadcrumbList","@id":"https:\/\/jena.jezik.hr\/index.php\/2021\/11\/02\/hrvatska-terminologija-u-europskome-kontekstu-stanje-i-perspektive-zagreb-28-listopada-2021-marijana-horvat-lana-hudecek-i-milica-mihaljevic\/#breadcrumb","itemListElement":[{"@type":"ListItem","position":1,"name":"Po\u010detna stranica","item":"https:\/\/jena.jezik.hr\/"},{"@type":"ListItem","position":2,"name":"Hrvatska terminologija u europskome kontekstu: stanje i perspektive, Zagreb, 28. listopada 2021. (Marijana Horvat, Lana Hude\u010dek i Milica Mihaljevi\u0107)"}]},{"@type":"WebSite","@id":"https:\/\/jena.jezik.hr\/#website","url":"https:\/\/jena.jezik.hr\/","name":"JENA","description":"Hrvatsko jezikoslovno nazivlje \u2014 Jena","publisher":{"@id":"https:\/\/jena.jezik.hr\/#organization"},"potentialAction":[{"@type":"SearchAction","target":{"@type":"EntryPoint","urlTemplate":"https:\/\/jena.jezik.hr\/?s={search_term_string}"},"query-input":{"@type":"PropertyValueSpecification","valueRequired":true,"valueName":"search_term_string"}}],"inLanguage":"hr"},{"@type":"Organization","@id":"https:\/\/jena.jezik.hr\/#organization","name":"JENA","url":"https:\/\/jena.jezik.hr\/","logo":{"@type":"ImageObject","inLanguage":"hr","@id":"https:\/\/jena.jezik.hr\/#\/schema\/logo\/image\/","url":"https:\/\/jena.jezik.hr\/wp-content\/uploads\/2019\/07\/cropped-OG.png","contentUrl":"https:\/\/jena.jezik.hr\/wp-content\/uploads\/2019\/07\/cropped-OG.png","width":1200,"height":675,"caption":"JENA"},"image":{"@id":"https:\/\/jena.jezik.hr\/#\/schema\/logo\/image\/"}},{"@type":"Person","@id":"https:\/\/jena.jezik.hr\/#\/schema\/person\/6b8b213cde978306b5a3e349a3376f38","name":"IHJJ","image":{"@type":"ImageObject","inLanguage":"hr","@id":"https:\/\/jena.jezik.hr\/#\/schema\/person\/image\/","url":"https:\/\/secure.gravatar.com\/avatar\/58a7155f1ea7708811f04665deacea16?s=96&d=mm&r=g","contentUrl":"https:\/\/secure.gravatar.com\/avatar\/58a7155f1ea7708811f04665deacea16?s=96&d=mm&r=g","caption":"IHJJ"},"url":"https:\/\/jena.jezik.hr\/index.php\/author\/jena_josip\/"}]}},"_links":{"self":[{"href":"https:\/\/jena.jezik.hr\/index.php\/wp-json\/wp\/v2\/posts\/1036","targetHints":{"allow":["GET"]}}],"collection":[{"href":"https:\/\/jena.jezik.hr\/index.php\/wp-json\/wp\/v2\/posts"}],"about":[{"href":"https:\/\/jena.jezik.hr\/index.php\/wp-json\/wp\/v2\/types\/post"}],"author":[{"embeddable":true,"href":"https:\/\/jena.jezik.hr\/index.php\/wp-json\/wp\/v2\/users\/2"}],"replies":[{"embeddable":true,"href":"https:\/\/jena.jezik.hr\/index.php\/wp-json\/wp\/v2\/comments?post=1036"}],"version-history":[{"count":5,"href":"https:\/\/jena.jezik.hr\/index.php\/wp-json\/wp\/v2\/posts\/1036\/revisions"}],"predecessor-version":[{"id":1049,"href":"https:\/\/jena.jezik.hr\/index.php\/wp-json\/wp\/v2\/posts\/1036\/revisions\/1049"}],"wp:featuredmedia":[{"embeddable":true,"href":"https:\/\/jena.jezik.hr\/index.php\/wp-json\/wp\/v2\/media\/426"}],"wp:attachment":[{"href":"https:\/\/jena.jezik.hr\/index.php\/wp-json\/wp\/v2\/media?parent=1036"}],"wp:term":[{"taxonomy":"category","embeddable":true,"href":"https:\/\/jena.jezik.hr\/index.php\/wp-json\/wp\/v2\/categories?post=1036"},{"taxonomy":"post_tag","embeddable":true,"href":"https:\/\/jena.jezik.hr\/index.php\/wp-json\/wp\/v2\/tags?post=1036"}],"curies":[{"name":"wp","href":"https:\/\/api.w.org\/{rel}","templated":true}]}}