{"id":1067,"date":"2021-11-12T14:06:56","date_gmt":"2021-11-12T14:06:56","guid":{"rendered":"https:\/\/jena.jezik.hr\/?p=1067"},"modified":"2022-02-24T12:06:45","modified_gmt":"2022-02-24T12:06:45","slug":"7-medunarodni-znanstveni-skup-hrvatski-sintakticki-dani-osijek-11-i-12-studenoga-2021","status":"publish","type":"post","link":"https:\/\/jena.jezik.hr\/index.php\/2021\/11\/12\/7-medunarodni-znanstveni-skup-hrvatski-sintakticki-dani-osijek-11-i-12-studenoga-2021\/","title":{"rendered":"7. me\u0111unarodni znanstveni skup Hrvatski sintakti\u010dki dani, Osijek 11. i 12. studenoga 2021."},"content":{"rendered":"<p>Na 7. me\u0111unarodnome znanstvenom skupu Hrvatski sintakti\u010dki dani , koji je u organizaciji Filozofskoga fakulteta Sveu\u010dili\u0161ta Josipa Jurja Strossmayera u Osijeku i Instituta za hrvatski jezik i jezikoslovlje odr\u017ean na Filozofskome fakultetu u Osijeku 11. i 12. studenoga 2021. Lana Hude\u010dek odr\u017eala je izlaganje <i> Podjela i nazivlje nezavisnoslo\u017eenih re\u010denica<\/i>, koje je pripremila s Milicom Mihaljevi\u0107<i>.<\/i> Program skupa dostupan je <a href=\"http:\/\/ihjj.hr\/mreznik\/uploads\/b1dd14054a985df1f3519ca35b06d379.pdf\" target=\"_blank\" rel=\"noopener\">ovdje<\/a>.<\/p>\n","protected":false},"excerpt":{"rendered":"<p>Na 7. me\u0111unarodnome znanstvenom skupu Hrvatski sintakti\u010dki dani , koji je u organizaciji Filozofskoga fakulteta Sveu\u010dili\u0161ta Josipa Jurja Strossmayera u Osijeku i Instituta za hrvatski jezik i jezikoslovlje odr\u017ean na [&hellip;]<\/p>\n","protected":false},"author":2,"featured_media":1068,"comment_status":"closed","ping_status":"closed","sticky":false,"template":"","format":"standard","meta":{"footnotes":"","_links_to":"","_links_to_target":""},"categories":[4],"tags":[],"class_list":["post-1067","post","type-post","status-publish","format-standard","has-post-thumbnail","hentry","category-diseminacija-i-usavrsavanje"],"yoast_head":"<!-- This site is optimized with the Yoast SEO plugin v24.1 - https:\/\/yoast.com\/wordpress\/plugins\/seo\/ -->\n<title>7. me\u0111unarodni znanstveni skup Hrvatski sintakti\u010dki dani, Osijek 11. i 12. studenoga 2021. - JENA<\/title>\n<meta name=\"robots\" content=\"index, follow, max-snippet:-1, max-image-preview:large, max-video-preview:-1\" \/>\n<link rel=\"canonical\" href=\"https:\/\/jena.jezik.hr\/index.php\/2021\/11\/12\/7-medunarodni-znanstveni-skup-hrvatski-sintakticki-dani-osijek-11-i-12-studenoga-2021\/\" \/>\n<meta property=\"og:locale\" content=\"hr_HR\" \/>\n<meta property=\"og:type\" content=\"article\" \/>\n<meta property=\"og:title\" content=\"7. me\u0111unarodni znanstveni skup Hrvatski sintakti\u010dki dani, Osijek 11. i 12. studenoga 2021. - JENA\" \/>\n<meta property=\"og:description\" content=\"Na 7. me\u0111unarodnome znanstvenom skupu Hrvatski sintakti\u010dki dani , koji je u organizaciji Filozofskoga fakulteta Sveu\u010dili\u0161ta Josipa Jurja Strossmayera u Osijeku i Instituta za hrvatski jezik i jezikoslovlje odr\u017ean na [&hellip;]\" \/>\n<meta property=\"og:url\" content=\"https:\/\/jena.jezik.hr\/index.php\/2021\/11\/12\/7-medunarodni-znanstveni-skup-hrvatski-sintakticki-dani-osijek-11-i-12-studenoga-2021\/\" \/>\n<meta property=\"og:site_name\" content=\"JENA\" \/>\n<meta property=\"article:published_time\" content=\"2021-11-12T14:06:56+00:00\" \/>\n<meta property=\"article:modified_time\" content=\"2022-02-24T12:06:45+00:00\" \/>\n<meta property=\"og:image\" content=\"https:\/\/jena.jezik.hr\/wp-content\/uploads\/2021\/12\/Naslovnica_13122021125230.jpg\" \/>\n\t<meta property=\"og:image:width\" content=\"605\" \/>\n\t<meta property=\"og:image:height\" content=\"782\" \/>\n\t<meta property=\"og:image:type\" content=\"image\/jpeg\" \/>\n<meta name=\"author\" content=\"IHJJ\" \/>\n<meta name=\"twitter:card\" content=\"summary_large_image\" \/>\n<meta name=\"twitter:label1\" content=\"Napisao\/la\" \/>\n\t<meta name=\"twitter:data1\" content=\"IHJJ\" \/>\n\t<meta name=\"twitter:label2\" content=\"Procijenjeno vrijeme \u010ditanja\" \/>\n\t<meta name=\"twitter:data2\" content=\"1 minuta\" \/>\n<script type=\"application\/ld+json\" class=\"yoast-schema-graph\">{\"@context\":\"https:\/\/schema.org\",\"@graph\":[{\"@type\":\"Article\",\"@id\":\"https:\/\/jena.jezik.hr\/index.php\/2021\/11\/12\/7-medunarodni-znanstveni-skup-hrvatski-sintakticki-dani-osijek-11-i-12-studenoga-2021\/#article\",\"isPartOf\":{\"@id\":\"https:\/\/jena.jezik.hr\/index.php\/2021\/11\/12\/7-medunarodni-znanstveni-skup-hrvatski-sintakticki-dani-osijek-11-i-12-studenoga-2021\/\"},\"author\":{\"name\":\"IHJJ\",\"@id\":\"https:\/\/jena.jezik.hr\/#\/schema\/person\/6b8b213cde978306b5a3e349a3376f38\"},\"headline\":\"7. me\u0111unarodni znanstveni skup Hrvatski sintakti\u010dki dani, Osijek 11. i 12. studenoga 2021.\",\"datePublished\":\"2021-11-12T14:06:56+00:00\",\"dateModified\":\"2022-02-24T12:06:45+00:00\",\"mainEntityOfPage\":{\"@id\":\"https:\/\/jena.jezik.hr\/index.php\/2021\/11\/12\/7-medunarodni-znanstveni-skup-hrvatski-sintakticki-dani-osijek-11-i-12-studenoga-2021\/\"},\"wordCount\":75,\"publisher\":{\"@id\":\"https:\/\/jena.jezik.hr\/#organization\"},\"image\":{\"@id\":\"https:\/\/jena.jezik.hr\/index.php\/2021\/11\/12\/7-medunarodni-znanstveni-skup-hrvatski-sintakticki-dani-osijek-11-i-12-studenoga-2021\/#primaryimage\"},\"thumbnailUrl\":\"https:\/\/jena.jezik.hr\/wp-content\/uploads\/2021\/12\/Naslovnica_13122021125230.jpg\",\"articleSection\":[\"Diseminacija i usavr\u0161avanje\"],\"inLanguage\":\"hr\"},{\"@type\":\"WebPage\",\"@id\":\"https:\/\/jena.jezik.hr\/index.php\/2021\/11\/12\/7-medunarodni-znanstveni-skup-hrvatski-sintakticki-dani-osijek-11-i-12-studenoga-2021\/\",\"url\":\"https:\/\/jena.jezik.hr\/index.php\/2021\/11\/12\/7-medunarodni-znanstveni-skup-hrvatski-sintakticki-dani-osijek-11-i-12-studenoga-2021\/\",\"name\":\"7. me\u0111unarodni znanstveni skup Hrvatski sintakti\u010dki dani, Osijek 11. i 12. studenoga 2021. - JENA\",\"isPartOf\":{\"@id\":\"https:\/\/jena.jezik.hr\/#website\"},\"primaryImageOfPage\":{\"@id\":\"https:\/\/jena.jezik.hr\/index.php\/2021\/11\/12\/7-medunarodni-znanstveni-skup-hrvatski-sintakticki-dani-osijek-11-i-12-studenoga-2021\/#primaryimage\"},\"image\":{\"@id\":\"https:\/\/jena.jezik.hr\/index.php\/2021\/11\/12\/7-medunarodni-znanstveni-skup-hrvatski-sintakticki-dani-osijek-11-i-12-studenoga-2021\/#primaryimage\"},\"thumbnailUrl\":\"https:\/\/jena.jezik.hr\/wp-content\/uploads\/2021\/12\/Naslovnica_13122021125230.jpg\",\"datePublished\":\"2021-11-12T14:06:56+00:00\",\"dateModified\":\"2022-02-24T12:06:45+00:00\",\"breadcrumb\":{\"@id\":\"https:\/\/jena.jezik.hr\/index.php\/2021\/11\/12\/7-medunarodni-znanstveni-skup-hrvatski-sintakticki-dani-osijek-11-i-12-studenoga-2021\/#breadcrumb\"},\"inLanguage\":\"hr\",\"potentialAction\":[{\"@type\":\"ReadAction\",\"target\":[\"https:\/\/jena.jezik.hr\/index.php\/2021\/11\/12\/7-medunarodni-znanstveni-skup-hrvatski-sintakticki-dani-osijek-11-i-12-studenoga-2021\/\"]}]},{\"@type\":\"ImageObject\",\"inLanguage\":\"hr\",\"@id\":\"https:\/\/jena.jezik.hr\/index.php\/2021\/11\/12\/7-medunarodni-znanstveni-skup-hrvatski-sintakticki-dani-osijek-11-i-12-studenoga-2021\/#primaryimage\",\"url\":\"https:\/\/jena.jezik.hr\/wp-content\/uploads\/2021\/12\/Naslovnica_13122021125230.jpg\",\"contentUrl\":\"https:\/\/jena.jezik.hr\/wp-content\/uploads\/2021\/12\/Naslovnica_13122021125230.jpg\",\"width\":605,\"height\":782},{\"@type\":\"BreadcrumbList\",\"@id\":\"https:\/\/jena.jezik.hr\/index.php\/2021\/11\/12\/7-medunarodni-znanstveni-skup-hrvatski-sintakticki-dani-osijek-11-i-12-studenoga-2021\/#breadcrumb\",\"itemListElement\":[{\"@type\":\"ListItem\",\"position\":1,\"name\":\"Po\u010detna stranica\",\"item\":\"https:\/\/jena.jezik.hr\/\"},{\"@type\":\"ListItem\",\"position\":2,\"name\":\"7. me\u0111unarodni znanstveni skup Hrvatski sintakti\u010dki dani, Osijek 11. i 12. studenoga 2021.\"}]},{\"@type\":\"WebSite\",\"@id\":\"https:\/\/jena.jezik.hr\/#website\",\"url\":\"https:\/\/jena.jezik.hr\/\",\"name\":\"JENA\",\"description\":\"Hrvatsko jezikoslovno nazivlje \u2014 Jena\",\"publisher\":{\"@id\":\"https:\/\/jena.jezik.hr\/#organization\"},\"potentialAction\":[{\"@type\":\"SearchAction\",\"target\":{\"@type\":\"EntryPoint\",\"urlTemplate\":\"https:\/\/jena.jezik.hr\/?s={search_term_string}\"},\"query-input\":{\"@type\":\"PropertyValueSpecification\",\"valueRequired\":true,\"valueName\":\"search_term_string\"}}],\"inLanguage\":\"hr\"},{\"@type\":\"Organization\",\"@id\":\"https:\/\/jena.jezik.hr\/#organization\",\"name\":\"JENA\",\"url\":\"https:\/\/jena.jezik.hr\/\",\"logo\":{\"@type\":\"ImageObject\",\"inLanguage\":\"hr\",\"@id\":\"https:\/\/jena.jezik.hr\/#\/schema\/logo\/image\/\",\"url\":\"https:\/\/jena.jezik.hr\/wp-content\/uploads\/2019\/07\/cropped-OG.png\",\"contentUrl\":\"https:\/\/jena.jezik.hr\/wp-content\/uploads\/2019\/07\/cropped-OG.png\",\"width\":1200,\"height\":675,\"caption\":\"JENA\"},\"image\":{\"@id\":\"https:\/\/jena.jezik.hr\/#\/schema\/logo\/image\/\"}},{\"@type\":\"Person\",\"@id\":\"https:\/\/jena.jezik.hr\/#\/schema\/person\/6b8b213cde978306b5a3e349a3376f38\",\"name\":\"IHJJ\",\"image\":{\"@type\":\"ImageObject\",\"inLanguage\":\"hr\",\"@id\":\"https:\/\/jena.jezik.hr\/#\/schema\/person\/image\/\",\"url\":\"https:\/\/secure.gravatar.com\/avatar\/58a7155f1ea7708811f04665deacea16?s=96&d=mm&r=g\",\"contentUrl\":\"https:\/\/secure.gravatar.com\/avatar\/58a7155f1ea7708811f04665deacea16?s=96&d=mm&r=g\",\"caption\":\"IHJJ\"},\"url\":\"https:\/\/jena.jezik.hr\/index.php\/author\/jena_josip\/\"}]}<\/script>\n<!-- \/ Yoast SEO plugin. -->","yoast_head_json":{"title":"7. me\u0111unarodni znanstveni skup Hrvatski sintakti\u010dki dani, Osijek 11. i 12. studenoga 2021. - JENA","robots":{"index":"index","follow":"follow","max-snippet":"max-snippet:-1","max-image-preview":"max-image-preview:large","max-video-preview":"max-video-preview:-1"},"canonical":"https:\/\/jena.jezik.hr\/index.php\/2021\/11\/12\/7-medunarodni-znanstveni-skup-hrvatski-sintakticki-dani-osijek-11-i-12-studenoga-2021\/","og_locale":"hr_HR","og_type":"article","og_title":"7. me\u0111unarodni znanstveni skup Hrvatski sintakti\u010dki dani, Osijek 11. i 12. studenoga 2021. - JENA","og_description":"Na 7. me\u0111unarodnome znanstvenom skupu Hrvatski sintakti\u010dki dani , koji je u organizaciji Filozofskoga fakulteta Sveu\u010dili\u0161ta Josipa Jurja Strossmayera u Osijeku i Instituta za hrvatski jezik i jezikoslovlje odr\u017ean na [&hellip;]","og_url":"https:\/\/jena.jezik.hr\/index.php\/2021\/11\/12\/7-medunarodni-znanstveni-skup-hrvatski-sintakticki-dani-osijek-11-i-12-studenoga-2021\/","og_site_name":"JENA","article_published_time":"2021-11-12T14:06:56+00:00","article_modified_time":"2022-02-24T12:06:45+00:00","og_image":[{"width":605,"height":782,"url":"https:\/\/jena.jezik.hr\/wp-content\/uploads\/2021\/12\/Naslovnica_13122021125230.jpg","type":"image\/jpeg"}],"author":"IHJJ","twitter_card":"summary_large_image","twitter_misc":{"Napisao\/la":"IHJJ","Procijenjeno vrijeme \u010ditanja":"1 minuta"},"schema":{"@context":"https:\/\/schema.org","@graph":[{"@type":"Article","@id":"https:\/\/jena.jezik.hr\/index.php\/2021\/11\/12\/7-medunarodni-znanstveni-skup-hrvatski-sintakticki-dani-osijek-11-i-12-studenoga-2021\/#article","isPartOf":{"@id":"https:\/\/jena.jezik.hr\/index.php\/2021\/11\/12\/7-medunarodni-znanstveni-skup-hrvatski-sintakticki-dani-osijek-11-i-12-studenoga-2021\/"},"author":{"name":"IHJJ","@id":"https:\/\/jena.jezik.hr\/#\/schema\/person\/6b8b213cde978306b5a3e349a3376f38"},"headline":"7. me\u0111unarodni znanstveni skup Hrvatski sintakti\u010dki dani, Osijek 11. i 12. studenoga 2021.","datePublished":"2021-11-12T14:06:56+00:00","dateModified":"2022-02-24T12:06:45+00:00","mainEntityOfPage":{"@id":"https:\/\/jena.jezik.hr\/index.php\/2021\/11\/12\/7-medunarodni-znanstveni-skup-hrvatski-sintakticki-dani-osijek-11-i-12-studenoga-2021\/"},"wordCount":75,"publisher":{"@id":"https:\/\/jena.jezik.hr\/#organization"},"image":{"@id":"https:\/\/jena.jezik.hr\/index.php\/2021\/11\/12\/7-medunarodni-znanstveni-skup-hrvatski-sintakticki-dani-osijek-11-i-12-studenoga-2021\/#primaryimage"},"thumbnailUrl":"https:\/\/jena.jezik.hr\/wp-content\/uploads\/2021\/12\/Naslovnica_13122021125230.jpg","articleSection":["Diseminacija i usavr\u0161avanje"],"inLanguage":"hr"},{"@type":"WebPage","@id":"https:\/\/jena.jezik.hr\/index.php\/2021\/11\/12\/7-medunarodni-znanstveni-skup-hrvatski-sintakticki-dani-osijek-11-i-12-studenoga-2021\/","url":"https:\/\/jena.jezik.hr\/index.php\/2021\/11\/12\/7-medunarodni-znanstveni-skup-hrvatski-sintakticki-dani-osijek-11-i-12-studenoga-2021\/","name":"7. me\u0111unarodni znanstveni skup Hrvatski sintakti\u010dki dani, Osijek 11. i 12. studenoga 2021. - JENA","isPartOf":{"@id":"https:\/\/jena.jezik.hr\/#website"},"primaryImageOfPage":{"@id":"https:\/\/jena.jezik.hr\/index.php\/2021\/11\/12\/7-medunarodni-znanstveni-skup-hrvatski-sintakticki-dani-osijek-11-i-12-studenoga-2021\/#primaryimage"},"image":{"@id":"https:\/\/jena.jezik.hr\/index.php\/2021\/11\/12\/7-medunarodni-znanstveni-skup-hrvatski-sintakticki-dani-osijek-11-i-12-studenoga-2021\/#primaryimage"},"thumbnailUrl":"https:\/\/jena.jezik.hr\/wp-content\/uploads\/2021\/12\/Naslovnica_13122021125230.jpg","datePublished":"2021-11-12T14:06:56+00:00","dateModified":"2022-02-24T12:06:45+00:00","breadcrumb":{"@id":"https:\/\/jena.jezik.hr\/index.php\/2021\/11\/12\/7-medunarodni-znanstveni-skup-hrvatski-sintakticki-dani-osijek-11-i-12-studenoga-2021\/#breadcrumb"},"inLanguage":"hr","potentialAction":[{"@type":"ReadAction","target":["https:\/\/jena.jezik.hr\/index.php\/2021\/11\/12\/7-medunarodni-znanstveni-skup-hrvatski-sintakticki-dani-osijek-11-i-12-studenoga-2021\/"]}]},{"@type":"ImageObject","inLanguage":"hr","@id":"https:\/\/jena.jezik.hr\/index.php\/2021\/11\/12\/7-medunarodni-znanstveni-skup-hrvatski-sintakticki-dani-osijek-11-i-12-studenoga-2021\/#primaryimage","url":"https:\/\/jena.jezik.hr\/wp-content\/uploads\/2021\/12\/Naslovnica_13122021125230.jpg","contentUrl":"https:\/\/jena.jezik.hr\/wp-content\/uploads\/2021\/12\/Naslovnica_13122021125230.jpg","width":605,"height":782},{"@type":"BreadcrumbList","@id":"https:\/\/jena.jezik.hr\/index.php\/2021\/11\/12\/7-medunarodni-znanstveni-skup-hrvatski-sintakticki-dani-osijek-11-i-12-studenoga-2021\/#breadcrumb","itemListElement":[{"@type":"ListItem","position":1,"name":"Po\u010detna stranica","item":"https:\/\/jena.jezik.hr\/"},{"@type":"ListItem","position":2,"name":"7. me\u0111unarodni znanstveni skup Hrvatski sintakti\u010dki dani, Osijek 11. i 12. studenoga 2021."}]},{"@type":"WebSite","@id":"https:\/\/jena.jezik.hr\/#website","url":"https:\/\/jena.jezik.hr\/","name":"JENA","description":"Hrvatsko jezikoslovno nazivlje \u2014 Jena","publisher":{"@id":"https:\/\/jena.jezik.hr\/#organization"},"potentialAction":[{"@type":"SearchAction","target":{"@type":"EntryPoint","urlTemplate":"https:\/\/jena.jezik.hr\/?s={search_term_string}"},"query-input":{"@type":"PropertyValueSpecification","valueRequired":true,"valueName":"search_term_string"}}],"inLanguage":"hr"},{"@type":"Organization","@id":"https:\/\/jena.jezik.hr\/#organization","name":"JENA","url":"https:\/\/jena.jezik.hr\/","logo":{"@type":"ImageObject","inLanguage":"hr","@id":"https:\/\/jena.jezik.hr\/#\/schema\/logo\/image\/","url":"https:\/\/jena.jezik.hr\/wp-content\/uploads\/2019\/07\/cropped-OG.png","contentUrl":"https:\/\/jena.jezik.hr\/wp-content\/uploads\/2019\/07\/cropped-OG.png","width":1200,"height":675,"caption":"JENA"},"image":{"@id":"https:\/\/jena.jezik.hr\/#\/schema\/logo\/image\/"}},{"@type":"Person","@id":"https:\/\/jena.jezik.hr\/#\/schema\/person\/6b8b213cde978306b5a3e349a3376f38","name":"IHJJ","image":{"@type":"ImageObject","inLanguage":"hr","@id":"https:\/\/jena.jezik.hr\/#\/schema\/person\/image\/","url":"https:\/\/secure.gravatar.com\/avatar\/58a7155f1ea7708811f04665deacea16?s=96&d=mm&r=g","contentUrl":"https:\/\/secure.gravatar.com\/avatar\/58a7155f1ea7708811f04665deacea16?s=96&d=mm&r=g","caption":"IHJJ"},"url":"https:\/\/jena.jezik.hr\/index.php\/author\/jena_josip\/"}]}},"_links":{"self":[{"href":"https:\/\/jena.jezik.hr\/index.php\/wp-json\/wp\/v2\/posts\/1067","targetHints":{"allow":["GET"]}}],"collection":[{"href":"https:\/\/jena.jezik.hr\/index.php\/wp-json\/wp\/v2\/posts"}],"about":[{"href":"https:\/\/jena.jezik.hr\/index.php\/wp-json\/wp\/v2\/types\/post"}],"author":[{"embeddable":true,"href":"https:\/\/jena.jezik.hr\/index.php\/wp-json\/wp\/v2\/users\/2"}],"replies":[{"embeddable":true,"href":"https:\/\/jena.jezik.hr\/index.php\/wp-json\/wp\/v2\/comments?post=1067"}],"version-history":[{"count":1,"href":"https:\/\/jena.jezik.hr\/index.php\/wp-json\/wp\/v2\/posts\/1067\/revisions"}],"predecessor-version":[{"id":1069,"href":"https:\/\/jena.jezik.hr\/index.php\/wp-json\/wp\/v2\/posts\/1067\/revisions\/1069"}],"wp:featuredmedia":[{"embeddable":true,"href":"https:\/\/jena.jezik.hr\/index.php\/wp-json\/wp\/v2\/media\/1068"}],"wp:attachment":[{"href":"https:\/\/jena.jezik.hr\/index.php\/wp-json\/wp\/v2\/media?parent=1067"}],"wp:term":[{"taxonomy":"category","embeddable":true,"href":"https:\/\/jena.jezik.hr\/index.php\/wp-json\/wp\/v2\/categories?post=1067"},{"taxonomy":"post_tag","embeddable":true,"href":"https:\/\/jena.jezik.hr\/index.php\/wp-json\/wp\/v2\/tags?post=1067"}],"curies":[{"name":"wp","href":"https:\/\/api.w.org\/{rel}","templated":true}]}}