{"id":963,"date":"2021-03-16T12:33:52","date_gmt":"2021-03-16T12:33:52","guid":{"rendered":"http:\/\/jena.jezik.hr\/?p=963"},"modified":"2021-03-16T12:33:52","modified_gmt":"2021-03-16T12:33:52","slug":"jena-predstavljena-nastavnicima-hrvatskoga-jezika","status":"publish","type":"post","link":"https:\/\/jena.jezik.hr\/index.php\/2021\/03\/16\/jena-predstavljena-nastavnicima-hrvatskoga-jezika\/","title":{"rendered":"Jena predstavljena nastavnicima hrvatskoga jezika"},"content":{"rendered":"<p style=\"text-align: justify;\">Dana 13. o\u017eujka 2021. projekt <em>Jena<\/em> predstavljen je \u010dlanovima \u017dupanijskoga stru\u010dnog vije\u0107a nastavnika hrvatskoga jezika u gimnazijama Grada Zagreba. Odr\u017eano je pet izlaganja objedinjenih pod zajedni\u010dkim naslovom <em>Jezikoslovno nazivlje u nastavi hrvatskoga jezika<\/em>. Izlaganja su odr\u017eale Milica Mihaljevi\u0107, Daria Lazi\u0107, Lana Hude\u010dek, Ivana Bra\u010d i Marijana Horvat. U izlaganjima su analizirana terminolo\u0161ka pitanja i dvojbe koji se pojavljuju u temeljnome jezikoslovnom nazivlju (nazivlju koje se pojavljuje u \u0161koli) na svim jezi\u010dnim razinama: pravopisnoj (npr. <em>nezavisno slo\u017eena re\u010denica \/ nezavisnoslo\u017eena re\u010denica<\/em>), morfolo\u0161koj (npr. <em>nepostojani\/nepostojano a<\/em>), tvorbenoj (npr. <em>glagoljica \u2013 glagolji\u010dni\/glagolji\u010dki\/glagoljski<\/em>), leksi\u010dkoj (npr. <em>uvjetna re\u010denica \/ pogodbena re\u010denica<\/em>, <em>usklik\/uzvik<\/em>). Na odabranim primjerima pokazano je kako se odabire preporu\u010deni jezikoslovni naziv (npr. <em>knji\u017eevnoumjetni\u010dki funkcionalni stil \/ knji\u017eevni funkcionalni stil \/ knji\u017eevni stil<\/em>). Posebna je pozornost posve\u0107ena morfolo\u0161komu i sintakti\u010dkomu nazivlju i to posebno razlikovanju dopuna i dodataka (objekt i prilo\u017ena oznaka). Sudionici su se upoznali s terminolo\u0161kom bazom u koju \u0107e biti uklju\u010deno jezikoslovno nazivlje te s ostalim mre\u017enim izvorima. Tako\u0111er su na primjerima iz <em>Jene<\/em> analizirani povijesnojezi\u010dni nazivi i zastarjelice.<\/p>\n<p><img loading=\"lazy\" decoding=\"async\" class=\"alignnone size-full wp-image-964\" src=\"https:\/\/jena.jezik.hr\/wp-content\/uploads\/2021\/03\/jezikoslovno-nazivlje.hrv-jezika.png\" alt=\"\" width=\"826\" height=\"611\" srcset=\"https:\/\/jena.jezik.hr\/wp-content\/uploads\/2021\/03\/jezikoslovno-nazivlje.hrv-jezika.png 826w, https:\/\/jena.jezik.hr\/wp-content\/uploads\/2021\/03\/jezikoslovno-nazivlje.hrv-jezika-300x222.png 300w, https:\/\/jena.jezik.hr\/wp-content\/uploads\/2021\/03\/jezikoslovno-nazivlje.hrv-jezika-768x568.png 768w\" sizes=\"auto, (max-width: 826px) 100vw, 826px\" \/><\/p>\n","protected":false},"excerpt":{"rendered":"<p>Dana 13. o\u017eujka 2021. projekt Jena predstavljen je \u010dlanovima \u017dupanijskoga stru\u010dnog vije\u0107a nastavnika hrvatskoga jezika u gimnazijama Grada Zagreba. Odr\u017eano je pet izlaganja objedinjenih pod zajedni\u010dkim naslovom Jezikoslovno nazivlje u [&hellip;]<\/p>\n","protected":false},"author":2,"featured_media":964,"comment_status":"closed","ping_status":"closed","sticky":false,"template":"","format":"standard","meta":{"footnotes":"","_links_to":"","_links_to_target":""},"categories":[4],"tags":[],"class_list":["post-963","post","type-post","status-publish","format-standard","has-post-thumbnail","hentry","category-diseminacija-i-usavrsavanje"],"yoast_head":"<!-- This site is optimized with the Yoast SEO plugin v24.1 - https:\/\/yoast.com\/wordpress\/plugins\/seo\/ -->\n<title>Jena predstavljena nastavnicima hrvatskoga jezika - JENA<\/title>\n<meta name=\"robots\" content=\"index, follow, max-snippet:-1, max-image-preview:large, max-video-preview:-1\" \/>\n<link rel=\"canonical\" href=\"https:\/\/jena.jezik.hr\/index.php\/2021\/03\/16\/jena-predstavljena-nastavnicima-hrvatskoga-jezika\/\" \/>\n<meta property=\"og:locale\" content=\"hr_HR\" \/>\n<meta property=\"og:type\" content=\"article\" \/>\n<meta property=\"og:title\" content=\"Jena predstavljena nastavnicima hrvatskoga jezika - JENA\" \/>\n<meta property=\"og:description\" content=\"Dana 13. o\u017eujka 2021. projekt Jena predstavljen je \u010dlanovima \u017dupanijskoga stru\u010dnog vije\u0107a nastavnika hrvatskoga jezika u gimnazijama Grada Zagreba. Odr\u017eano je pet izlaganja objedinjenih pod zajedni\u010dkim naslovom Jezikoslovno nazivlje u [&hellip;]\" \/>\n<meta property=\"og:url\" content=\"https:\/\/jena.jezik.hr\/index.php\/2021\/03\/16\/jena-predstavljena-nastavnicima-hrvatskoga-jezika\/\" \/>\n<meta property=\"og:site_name\" content=\"JENA\" \/>\n<meta property=\"article:published_time\" content=\"2021-03-16T12:33:52+00:00\" \/>\n<meta property=\"og:image\" content=\"https:\/\/jena.jezik.hr\/wp-content\/uploads\/2021\/03\/jezikoslovno-nazivlje.hrv-jezika.png\" \/>\n\t<meta property=\"og:image:width\" content=\"826\" \/>\n\t<meta property=\"og:image:height\" content=\"611\" \/>\n\t<meta property=\"og:image:type\" content=\"image\/png\" \/>\n<meta name=\"author\" content=\"IHJJ\" \/>\n<meta name=\"twitter:card\" content=\"summary_large_image\" \/>\n<meta name=\"twitter:label1\" content=\"Napisao\/la\" \/>\n\t<meta name=\"twitter:data1\" content=\"IHJJ\" \/>\n\t<meta name=\"twitter:label2\" content=\"Procijenjeno vrijeme \u010ditanja\" \/>\n\t<meta name=\"twitter:data2\" content=\"1 minuta\" \/>\n<script type=\"application\/ld+json\" class=\"yoast-schema-graph\">{\"@context\":\"https:\/\/schema.org\",\"@graph\":[{\"@type\":\"Article\",\"@id\":\"https:\/\/jena.jezik.hr\/index.php\/2021\/03\/16\/jena-predstavljena-nastavnicima-hrvatskoga-jezika\/#article\",\"isPartOf\":{\"@id\":\"https:\/\/jena.jezik.hr\/index.php\/2021\/03\/16\/jena-predstavljena-nastavnicima-hrvatskoga-jezika\/\"},\"author\":{\"name\":\"IHJJ\",\"@id\":\"https:\/\/jena.jezik.hr\/#\/schema\/person\/6b8b213cde978306b5a3e349a3376f38\"},\"headline\":\"Jena predstavljena nastavnicima hrvatskoga jezika\",\"datePublished\":\"2021-03-16T12:33:52+00:00\",\"dateModified\":\"2021-03-16T12:33:52+00:00\",\"mainEntityOfPage\":{\"@id\":\"https:\/\/jena.jezik.hr\/index.php\/2021\/03\/16\/jena-predstavljena-nastavnicima-hrvatskoga-jezika\/\"},\"wordCount\":203,\"publisher\":{\"@id\":\"https:\/\/jena.jezik.hr\/#organization\"},\"image\":{\"@id\":\"https:\/\/jena.jezik.hr\/index.php\/2021\/03\/16\/jena-predstavljena-nastavnicima-hrvatskoga-jezika\/#primaryimage\"},\"thumbnailUrl\":\"https:\/\/jena.jezik.hr\/wp-content\/uploads\/2021\/03\/jezikoslovno-nazivlje.hrv-jezika.png\",\"articleSection\":[\"Diseminacija i usavr\u0161avanje\"],\"inLanguage\":\"hr\"},{\"@type\":\"WebPage\",\"@id\":\"https:\/\/jena.jezik.hr\/index.php\/2021\/03\/16\/jena-predstavljena-nastavnicima-hrvatskoga-jezika\/\",\"url\":\"https:\/\/jena.jezik.hr\/index.php\/2021\/03\/16\/jena-predstavljena-nastavnicima-hrvatskoga-jezika\/\",\"name\":\"Jena predstavljena nastavnicima hrvatskoga jezika - JENA\",\"isPartOf\":{\"@id\":\"https:\/\/jena.jezik.hr\/#website\"},\"primaryImageOfPage\":{\"@id\":\"https:\/\/jena.jezik.hr\/index.php\/2021\/03\/16\/jena-predstavljena-nastavnicima-hrvatskoga-jezika\/#primaryimage\"},\"image\":{\"@id\":\"https:\/\/jena.jezik.hr\/index.php\/2021\/03\/16\/jena-predstavljena-nastavnicima-hrvatskoga-jezika\/#primaryimage\"},\"thumbnailUrl\":\"https:\/\/jena.jezik.hr\/wp-content\/uploads\/2021\/03\/jezikoslovno-nazivlje.hrv-jezika.png\",\"datePublished\":\"2021-03-16T12:33:52+00:00\",\"dateModified\":\"2021-03-16T12:33:52+00:00\",\"breadcrumb\":{\"@id\":\"https:\/\/jena.jezik.hr\/index.php\/2021\/03\/16\/jena-predstavljena-nastavnicima-hrvatskoga-jezika\/#breadcrumb\"},\"inLanguage\":\"hr\",\"potentialAction\":[{\"@type\":\"ReadAction\",\"target\":[\"https:\/\/jena.jezik.hr\/index.php\/2021\/03\/16\/jena-predstavljena-nastavnicima-hrvatskoga-jezika\/\"]}]},{\"@type\":\"ImageObject\",\"inLanguage\":\"hr\",\"@id\":\"https:\/\/jena.jezik.hr\/index.php\/2021\/03\/16\/jena-predstavljena-nastavnicima-hrvatskoga-jezika\/#primaryimage\",\"url\":\"https:\/\/jena.jezik.hr\/wp-content\/uploads\/2021\/03\/jezikoslovno-nazivlje.hrv-jezika.png\",\"contentUrl\":\"https:\/\/jena.jezik.hr\/wp-content\/uploads\/2021\/03\/jezikoslovno-nazivlje.hrv-jezika.png\",\"width\":826,\"height\":611},{\"@type\":\"BreadcrumbList\",\"@id\":\"https:\/\/jena.jezik.hr\/index.php\/2021\/03\/16\/jena-predstavljena-nastavnicima-hrvatskoga-jezika\/#breadcrumb\",\"itemListElement\":[{\"@type\":\"ListItem\",\"position\":1,\"name\":\"Po\u010detna stranica\",\"item\":\"https:\/\/jena.jezik.hr\/\"},{\"@type\":\"ListItem\",\"position\":2,\"name\":\"Jena predstavljena nastavnicima hrvatskoga jezika\"}]},{\"@type\":\"WebSite\",\"@id\":\"https:\/\/jena.jezik.hr\/#website\",\"url\":\"https:\/\/jena.jezik.hr\/\",\"name\":\"JENA\",\"description\":\"Hrvatsko jezikoslovno nazivlje \u2014 Jena\",\"publisher\":{\"@id\":\"https:\/\/jena.jezik.hr\/#organization\"},\"potentialAction\":[{\"@type\":\"SearchAction\",\"target\":{\"@type\":\"EntryPoint\",\"urlTemplate\":\"https:\/\/jena.jezik.hr\/?s={search_term_string}\"},\"query-input\":{\"@type\":\"PropertyValueSpecification\",\"valueRequired\":true,\"valueName\":\"search_term_string\"}}],\"inLanguage\":\"hr\"},{\"@type\":\"Organization\",\"@id\":\"https:\/\/jena.jezik.hr\/#organization\",\"name\":\"JENA\",\"url\":\"https:\/\/jena.jezik.hr\/\",\"logo\":{\"@type\":\"ImageObject\",\"inLanguage\":\"hr\",\"@id\":\"https:\/\/jena.jezik.hr\/#\/schema\/logo\/image\/\",\"url\":\"https:\/\/jena.jezik.hr\/wp-content\/uploads\/2019\/07\/cropped-OG.png\",\"contentUrl\":\"https:\/\/jena.jezik.hr\/wp-content\/uploads\/2019\/07\/cropped-OG.png\",\"width\":1200,\"height\":675,\"caption\":\"JENA\"},\"image\":{\"@id\":\"https:\/\/jena.jezik.hr\/#\/schema\/logo\/image\/\"}},{\"@type\":\"Person\",\"@id\":\"https:\/\/jena.jezik.hr\/#\/schema\/person\/6b8b213cde978306b5a3e349a3376f38\",\"name\":\"IHJJ\",\"image\":{\"@type\":\"ImageObject\",\"inLanguage\":\"hr\",\"@id\":\"https:\/\/jena.jezik.hr\/#\/schema\/person\/image\/\",\"url\":\"https:\/\/secure.gravatar.com\/avatar\/58a7155f1ea7708811f04665deacea16?s=96&d=mm&r=g\",\"contentUrl\":\"https:\/\/secure.gravatar.com\/avatar\/58a7155f1ea7708811f04665deacea16?s=96&d=mm&r=g\",\"caption\":\"IHJJ\"},\"url\":\"https:\/\/jena.jezik.hr\/index.php\/author\/jena_josip\/\"}]}<\/script>\n<!-- \/ Yoast SEO plugin. -->","yoast_head_json":{"title":"Jena predstavljena nastavnicima hrvatskoga jezika - JENA","robots":{"index":"index","follow":"follow","max-snippet":"max-snippet:-1","max-image-preview":"max-image-preview:large","max-video-preview":"max-video-preview:-1"},"canonical":"https:\/\/jena.jezik.hr\/index.php\/2021\/03\/16\/jena-predstavljena-nastavnicima-hrvatskoga-jezika\/","og_locale":"hr_HR","og_type":"article","og_title":"Jena predstavljena nastavnicima hrvatskoga jezika - JENA","og_description":"Dana 13. o\u017eujka 2021. projekt Jena predstavljen je \u010dlanovima \u017dupanijskoga stru\u010dnog vije\u0107a nastavnika hrvatskoga jezika u gimnazijama Grada Zagreba. Odr\u017eano je pet izlaganja objedinjenih pod zajedni\u010dkim naslovom Jezikoslovno nazivlje u [&hellip;]","og_url":"https:\/\/jena.jezik.hr\/index.php\/2021\/03\/16\/jena-predstavljena-nastavnicima-hrvatskoga-jezika\/","og_site_name":"JENA","article_published_time":"2021-03-16T12:33:52+00:00","og_image":[{"width":826,"height":611,"url":"https:\/\/jena.jezik.hr\/wp-content\/uploads\/2021\/03\/jezikoslovno-nazivlje.hrv-jezika.png","type":"image\/png"}],"author":"IHJJ","twitter_card":"summary_large_image","twitter_misc":{"Napisao\/la":"IHJJ","Procijenjeno vrijeme \u010ditanja":"1 minuta"},"schema":{"@context":"https:\/\/schema.org","@graph":[{"@type":"Article","@id":"https:\/\/jena.jezik.hr\/index.php\/2021\/03\/16\/jena-predstavljena-nastavnicima-hrvatskoga-jezika\/#article","isPartOf":{"@id":"https:\/\/jena.jezik.hr\/index.php\/2021\/03\/16\/jena-predstavljena-nastavnicima-hrvatskoga-jezika\/"},"author":{"name":"IHJJ","@id":"https:\/\/jena.jezik.hr\/#\/schema\/person\/6b8b213cde978306b5a3e349a3376f38"},"headline":"Jena predstavljena nastavnicima hrvatskoga jezika","datePublished":"2021-03-16T12:33:52+00:00","dateModified":"2021-03-16T12:33:52+00:00","mainEntityOfPage":{"@id":"https:\/\/jena.jezik.hr\/index.php\/2021\/03\/16\/jena-predstavljena-nastavnicima-hrvatskoga-jezika\/"},"wordCount":203,"publisher":{"@id":"https:\/\/jena.jezik.hr\/#organization"},"image":{"@id":"https:\/\/jena.jezik.hr\/index.php\/2021\/03\/16\/jena-predstavljena-nastavnicima-hrvatskoga-jezika\/#primaryimage"},"thumbnailUrl":"https:\/\/jena.jezik.hr\/wp-content\/uploads\/2021\/03\/jezikoslovno-nazivlje.hrv-jezika.png","articleSection":["Diseminacija i usavr\u0161avanje"],"inLanguage":"hr"},{"@type":"WebPage","@id":"https:\/\/jena.jezik.hr\/index.php\/2021\/03\/16\/jena-predstavljena-nastavnicima-hrvatskoga-jezika\/","url":"https:\/\/jena.jezik.hr\/index.php\/2021\/03\/16\/jena-predstavljena-nastavnicima-hrvatskoga-jezika\/","name":"Jena predstavljena nastavnicima hrvatskoga jezika - JENA","isPartOf":{"@id":"https:\/\/jena.jezik.hr\/#website"},"primaryImageOfPage":{"@id":"https:\/\/jena.jezik.hr\/index.php\/2021\/03\/16\/jena-predstavljena-nastavnicima-hrvatskoga-jezika\/#primaryimage"},"image":{"@id":"https:\/\/jena.jezik.hr\/index.php\/2021\/03\/16\/jena-predstavljena-nastavnicima-hrvatskoga-jezika\/#primaryimage"},"thumbnailUrl":"https:\/\/jena.jezik.hr\/wp-content\/uploads\/2021\/03\/jezikoslovno-nazivlje.hrv-jezika.png","datePublished":"2021-03-16T12:33:52+00:00","dateModified":"2021-03-16T12:33:52+00:00","breadcrumb":{"@id":"https:\/\/jena.jezik.hr\/index.php\/2021\/03\/16\/jena-predstavljena-nastavnicima-hrvatskoga-jezika\/#breadcrumb"},"inLanguage":"hr","potentialAction":[{"@type":"ReadAction","target":["https:\/\/jena.jezik.hr\/index.php\/2021\/03\/16\/jena-predstavljena-nastavnicima-hrvatskoga-jezika\/"]}]},{"@type":"ImageObject","inLanguage":"hr","@id":"https:\/\/jena.jezik.hr\/index.php\/2021\/03\/16\/jena-predstavljena-nastavnicima-hrvatskoga-jezika\/#primaryimage","url":"https:\/\/jena.jezik.hr\/wp-content\/uploads\/2021\/03\/jezikoslovno-nazivlje.hrv-jezika.png","contentUrl":"https:\/\/jena.jezik.hr\/wp-content\/uploads\/2021\/03\/jezikoslovno-nazivlje.hrv-jezika.png","width":826,"height":611},{"@type":"BreadcrumbList","@id":"https:\/\/jena.jezik.hr\/index.php\/2021\/03\/16\/jena-predstavljena-nastavnicima-hrvatskoga-jezika\/#breadcrumb","itemListElement":[{"@type":"ListItem","position":1,"name":"Po\u010detna stranica","item":"https:\/\/jena.jezik.hr\/"},{"@type":"ListItem","position":2,"name":"Jena predstavljena nastavnicima hrvatskoga jezika"}]},{"@type":"WebSite","@id":"https:\/\/jena.jezik.hr\/#website","url":"https:\/\/jena.jezik.hr\/","name":"JENA","description":"Hrvatsko jezikoslovno nazivlje \u2014 Jena","publisher":{"@id":"https:\/\/jena.jezik.hr\/#organization"},"potentialAction":[{"@type":"SearchAction","target":{"@type":"EntryPoint","urlTemplate":"https:\/\/jena.jezik.hr\/?s={search_term_string}"},"query-input":{"@type":"PropertyValueSpecification","valueRequired":true,"valueName":"search_term_string"}}],"inLanguage":"hr"},{"@type":"Organization","@id":"https:\/\/jena.jezik.hr\/#organization","name":"JENA","url":"https:\/\/jena.jezik.hr\/","logo":{"@type":"ImageObject","inLanguage":"hr","@id":"https:\/\/jena.jezik.hr\/#\/schema\/logo\/image\/","url":"https:\/\/jena.jezik.hr\/wp-content\/uploads\/2019\/07\/cropped-OG.png","contentUrl":"https:\/\/jena.jezik.hr\/wp-content\/uploads\/2019\/07\/cropped-OG.png","width":1200,"height":675,"caption":"JENA"},"image":{"@id":"https:\/\/jena.jezik.hr\/#\/schema\/logo\/image\/"}},{"@type":"Person","@id":"https:\/\/jena.jezik.hr\/#\/schema\/person\/6b8b213cde978306b5a3e349a3376f38","name":"IHJJ","image":{"@type":"ImageObject","inLanguage":"hr","@id":"https:\/\/jena.jezik.hr\/#\/schema\/person\/image\/","url":"https:\/\/secure.gravatar.com\/avatar\/58a7155f1ea7708811f04665deacea16?s=96&d=mm&r=g","contentUrl":"https:\/\/secure.gravatar.com\/avatar\/58a7155f1ea7708811f04665deacea16?s=96&d=mm&r=g","caption":"IHJJ"},"url":"https:\/\/jena.jezik.hr\/index.php\/author\/jena_josip\/"}]}},"_links":{"self":[{"href":"https:\/\/jena.jezik.hr\/index.php\/wp-json\/wp\/v2\/posts\/963","targetHints":{"allow":["GET"]}}],"collection":[{"href":"https:\/\/jena.jezik.hr\/index.php\/wp-json\/wp\/v2\/posts"}],"about":[{"href":"https:\/\/jena.jezik.hr\/index.php\/wp-json\/wp\/v2\/types\/post"}],"author":[{"embeddable":true,"href":"https:\/\/jena.jezik.hr\/index.php\/wp-json\/wp\/v2\/users\/2"}],"replies":[{"embeddable":true,"href":"https:\/\/jena.jezik.hr\/index.php\/wp-json\/wp\/v2\/comments?post=963"}],"version-history":[{"count":1,"href":"https:\/\/jena.jezik.hr\/index.php\/wp-json\/wp\/v2\/posts\/963\/revisions"}],"predecessor-version":[{"id":965,"href":"https:\/\/jena.jezik.hr\/index.php\/wp-json\/wp\/v2\/posts\/963\/revisions\/965"}],"wp:featuredmedia":[{"embeddable":true,"href":"https:\/\/jena.jezik.hr\/index.php\/wp-json\/wp\/v2\/media\/964"}],"wp:attachment":[{"href":"https:\/\/jena.jezik.hr\/index.php\/wp-json\/wp\/v2\/media?parent=963"}],"wp:term":[{"taxonomy":"category","embeddable":true,"href":"https:\/\/jena.jezik.hr\/index.php\/wp-json\/wp\/v2\/categories?post=963"},{"taxonomy":"post_tag","embeddable":true,"href":"https:\/\/jena.jezik.hr\/index.php\/wp-json\/wp\/v2\/tags?post=963"}],"curies":[{"name":"wp","href":"https:\/\/api.w.org\/{rel}","templated":true}]}}